{"id":16047,"date":"2022-11-06T04:38:06","date_gmt":"2022-11-06T03:38:06","guid":{"rendered":"http:\/\/news-papers.eu\/?p=16047"},"modified":"2022-11-03T18:30:56","modified_gmt":"2022-11-03T17:30:56","slug":"umfrage-zu-palliativmedizin-in-deutschen-notaufnahmen","status":"publish","type":"post","link":"http:\/\/news-papers.eu\/?p=16047","title":{"rendered":"Umfrage zu Palliativmedizin in deutschen Notaufnahmen"},"content":{"rendered":"<p style=\"text-align: justify\"><img data-recalc-dims=\"1\" loading=\"lazy\" decoding=\"async\" data-attachment-id=\"4450\" data-permalink=\"http:\/\/news-papers.eu\/?attachment_id=4450\" data-orig-file=\"https:\/\/i0.wp.com\/news-papers.eu\/wp-content\/uploads\/2017\/04\/Umfrage1.jpg?fit=1920%2C1280\" data-orig-size=\"1920,1280\" data-comments-opened=\"1\" data-image-meta=\"{&quot;aperture&quot;:&quot;6.3&quot;,&quot;credit&quot;:&quot;&quot;,&quot;camera&quot;:&quot;Canon EOS 5D Mark III&quot;,&quot;caption&quot;:&quot;&quot;,&quot;created_timestamp&quot;:&quot;0&quot;,&quot;copyright&quot;:&quot;&quot;,&quot;focal_length&quot;:&quot;100&quot;,&quot;iso&quot;:&quot;100&quot;,&quot;shutter_speed&quot;:&quot;0.00625&quot;,&quot;title&quot;:&quot;&quot;,&quot;orientation&quot;:&quot;0&quot;}\" data-image-title=\"Umfrage1\" data-image-description=\"\" data-image-caption=\"\" data-large-file=\"https:\/\/i0.wp.com\/news-papers.eu\/wp-content\/uploads\/2017\/04\/Umfrage1.jpg?fit=1024%2C683\" class=\"size-medium wp-image-4450 alignright\" src=\"https:\/\/i0.wp.com\/news-papers.eu\/wp-content\/uploads\/2017\/04\/Umfrage1.jpg?resize=300%2C200\" alt=\"\" width=\"300\" height=\"200\" srcset=\"https:\/\/i0.wp.com\/news-papers.eu\/wp-content\/uploads\/2017\/04\/Umfrage1.jpg?resize=300%2C200 300w, https:\/\/i0.wp.com\/news-papers.eu\/wp-content\/uploads\/2017\/04\/Umfrage1.jpg?resize=768%2C512 768w, https:\/\/i0.wp.com\/news-papers.eu\/wp-content\/uploads\/2017\/04\/Umfrage1.jpg?resize=1024%2C683 1024w, https:\/\/i0.wp.com\/news-papers.eu\/wp-content\/uploads\/2017\/04\/Umfrage1.jpg?resize=750%2C500 750w, https:\/\/i0.wp.com\/news-papers.eu\/wp-content\/uploads\/2017\/04\/Umfrage1.jpg?w=1920 1920w\" sizes=\"auto, (max-width: 300px) 100vw, 300px\" \/>In Notaufnahmen t\u00e4tige \u00c4rztInnen werden h\u00e4ufig mit palliativmedizinischen Situationen konfrontiert. Au\u00dferdem begegnen sie PatientInnen mit einer lebenslimitierenden Erkrankung oft bereits in einem Fr\u00fchstadium der Erkrankung. Trotzdem fehlen bisher Untersuchungen, inwieweit diese \u00c4rztInnen in Notaufnahmen \u00fcber palliativmedizinisches Wissen sowie \u00fcber Zugriff auf palliativmedizinische Strukturen verf\u00fcgen.<\/p>\n<p><strong>Umfrage zu palliativmedizinischem Wissen und zur Verf\u00fcgbarkeit palliativmedizinischer Ressourcen in deutschen Notaufnahmen<\/strong><\/p>\n<div style=\"text-align: justify\">\n<div>Eine Forschergruppe m\u00f6chten Sie, als in der Notfallversorgung\u00a0t\u00e4tigen \u00c4rztinnen und \u00c4rzte\u00a0&#8211; von Leitung bis zu\u00a0RotationsassistentInnen \u2013 nun \u00fcber Ihr Wissen und Ihre Haltung\u00a0zu Palliativmedizin und der Versorgung sterbender PatientInnen in der Notaufnahme befragen. Auch die zur Verf\u00fcgung stehenden Ressourcen in Ihrem Krankenhaus sowie im Versorgungsbereich Ihres Krankenhauses insbesondere Palliativ-Dienste\u00a0interessieren uns.<\/div>\n<blockquote>\n<div><strong>Die Befragung finden Sie unter\u00a0<\/strong><\/div>\n<div><strong><a href=\"https:\/\/dgina.us4.list-manage.com\/track\/click?u=d9627b5509ba106016067d549&amp;id=88841a8584&amp;e=df160e5694\">https:\/\/surveys.phil.hhu.de\/facharzt\/index.php?r=survey\/index&amp;sid=516576&amp;lang=de<\/a>\u00a0<\/strong><\/div>\n<\/blockquote>\n<div>\n<p>Die Durchf\u00fchrung ben\u00f6tigt etwa <strong>8\u00a0Minuten<\/strong>.\u00a0Alle Daten werden vollst\u00e4ndig anonymisiert und lassen keinerlei R\u00fcckschl\u00fcsse auf einzelne Personen oder Krankenh\u00e4user zu.\u00a0Die Studie wird unter Beteiligung der Universit\u00e4tsklinik D\u00fcsseldorf und der Charit\u00e9 Berlin durchgef\u00fchrt.<\/p>\n<p><strong><u>Hintergrund:<\/u><\/strong>\u00a0In Notaufnahmen werden j\u00e4hrlich ca. 21 Mio. PatientInnen behandelt, hierunter findet sich nicht nur ein hohe Anteil mit einem hohen Lebensalter, sondern auch zahlreiche PatientInnen mit palliativer Grunderkrankung. \u00a0Zwar gibt es mittlerweile gut ausgebaute ambulante palliativmedizinische Strukturen, die es erm\u00f6glichen, dass immer\u00a0mehr Patienten ihr Lebensende in der gewohnten h\u00e4uslichen Umgebung verbringen.\u00a0Trotzdem kann es bei akut aufgetretenen au\u00dfergew\u00f6hnlichen Belastungen (z.B. Schmerzexazerbationen, Luftnot, Verwirrtheit, Blutungen) zu einer \u00dcberforderung der PatientInnen, der Angeh\u00f6rigen und letztlich zu einer Alarmierung des Rettungsdienstes kommen. H\u00e4ufig wird dann die Behandlung\u2013 insbesondere durch palliativmedizinisch unerfahrene Not\u00e4rztInnen \u2013 in das Krankenhaus verlagert, so dass diese PatientInnen einer Notaufnahme zugef\u00fchrt und dort versorgt werden.<\/p>\n<\/div>\n<p><strong>Wir bedanken uns jetzt schon f\u00fcr Ihre Unterst\u00fctzung!<\/strong><\/p>\n<\/div>\n<div style=\"text-align: justify\">Im Namen des gesamten Studienteams <em>(Zentrale Notaufnahme und\u00a0Interdisziplin\u00e4res Zentrum f\u00fcr Palliativmedizin, Universita\u0308tsklinikum D\u00fcsseldorf,\u00a0Zentrale Notaufnahme und Aufnahmestation, Charit\u00e9 \u2013 Universit\u00e4tsmedizin Berlin)<\/em><\/div>\n<div><\/div>\n<div style=\"text-align: justify\">Lennert B\u00f6hm, Zentrale Notaufnahme, Universit\u00e4tsklinikum D\u00fcsseldorf<\/div>\n","protected":false},"excerpt":{"rendered":"<p>In Notaufnahmen t\u00e4tige \u00c4rztInnen werden h\u00e4ufig mit palliativmedizinischen Situationen konfrontiert. Au\u00dferdem begegnen sie PatientInnen mit einer lebenslimitierenden Erkrankung oft bereits in einem Fr\u00fchstadium der Erkrankung. Trotzdem fehlen bisher Untersuchungen, inwieweit [&hellip;]<\/p>\n","protected":false},"author":2,"featured_media":4450,"comment_status":"open","ping_status":"open","sticky":false,"template":"","format":"standard","meta":{"__cvm_playback_settings":[],"__cvm_video_id":"","jetpack_post_was_ever_published":false,"_jetpack_newsletter_access":"","_jetpack_dont_email_post_to_subs":false,"_jetpack_newsletter_tier_id":0,"_jetpack_memberships_contains_paywalled_content":false,"_jetpack_memberships_contains_paid_content":false,"footnotes":"","jetpack_publicize_message":"","jetpack_publicize_feature_enabled":true,"jetpack_social_post_already_shared":true,"jetpack_social_options":{"image_generator_settings":{"template":"highway","default_image_id":0,"font":"","enabled":false},"version":2},"_wpas_customize_per_network":false},"categories":[557],"tags":[1560,235],"class_list":["post-16047","post","type-post","status-publish","format-standard","has-post-thumbnail","hentry","category-umfragen","tag-palliativmedizin","tag-umfrage"],"jetpack_publicize_connections":[],"jetpack_featured_media_url":"https:\/\/i0.wp.com\/news-papers.eu\/wp-content\/uploads\/2017\/04\/Umfrage1.jpg?fit=1920%2C1280","jetpack_sharing_enabled":true,"jetpack_shortlink":"https:\/\/wp.me\/p7fR2g-4aP","jetpack-related-posts":[{"id":16092,"url":"http:\/\/news-papers.eu\/?p=16092","url_meta":{"origin":16047,"position":0},"title":"REMINDER: Palliativmedizinische Umfrage mit Fokus auf die Notaufnahmen","author":"Michael Bernhard","date":"November 14, 2022","format":false,"excerpt":"In Notaufnahmen t\u00e4tige \u00c4rztInnen werden h\u00e4ufig mit palliativmedizinischen Situationen konfrontiert. Au\u00dferdem begegnen sie PatientInnen mit einer lebenslimitierenden Erkrankung oft bereits in einem Fr\u00fchstadium der Erkrankung. Trotzdem fehlen bisher Untersuchungen, inwieweit diese \u00c4rztInnen in Notaufnahmen \u00fcber palliativmedizinisches Wissen sowie \u00fcber Zugriff auf palliativmedizinische Strukturen verf\u00fcgen. Umfrage zu palliativmedizinischem Wissen und zur\u2026","rel":"","context":"In &quot;Umfragen&quot;","block_context":{"text":"Umfragen","link":"http:\/\/news-papers.eu\/?cat=557"},"img":{"alt_text":"","src":"https:\/\/i0.wp.com\/news-papers.eu\/wp-content\/uploads\/2022\/11\/Bildschirm%C2%ADfoto-2022-11-05-um-23.11.35-e1667686316454.png?fit=400%2C266&resize=350%2C200","width":350,"height":200},"classes":[]},{"id":19836,"url":"http:\/\/news-papers.eu\/?p=19836","url_meta":{"origin":16047,"position":1},"title":"Ergebnisse einer Umfrage zu Kindernotfallstrukturen in Deutschland","author":"Michael Bernhard","date":"August 20, 2025","format":false,"excerpt":"W\u00e4hrend die Versorgung kritisch kranker Erwachsener in den letzten Jahren verst\u00e4rkt in den Fokus geru\u0308ckt ist, gibt es vergleichsweise wenig Forschung zur Organisation und Struktur fu\u0308r nichttraumatologisch kritisch kranke Kinder und Jugendliche. Die vorliegende Umfrage untersucht den Status quo in deutschen Notaufnahmen. Schunk D, et al. Versorgungsrealit\u00e4t kritisch kranker Kinder\u2026","rel":"","context":"In &quot;Kindernotf\u00e4lle&quot;","block_context":{"text":"Kindernotf\u00e4lle","link":"http:\/\/news-papers.eu\/?cat=13"},"img":{"alt_text":"","src":"https:\/\/i0.wp.com\/news-papers.eu\/wp-content\/uploads\/2025\/08\/Bildschirmfoto-2025-08-19-um-21.29.52.png?fit=1200%2C1126&resize=350%2C200","width":350,"height":200,"srcset":"https:\/\/i0.wp.com\/news-papers.eu\/wp-content\/uploads\/2025\/08\/Bildschirmfoto-2025-08-19-um-21.29.52.png?fit=1200%2C1126&resize=350%2C200 1x, https:\/\/i0.wp.com\/news-papers.eu\/wp-content\/uploads\/2025\/08\/Bildschirmfoto-2025-08-19-um-21.29.52.png?fit=1200%2C1126&resize=525%2C300 1.5x, https:\/\/i0.wp.com\/news-papers.eu\/wp-content\/uploads\/2025\/08\/Bildschirmfoto-2025-08-19-um-21.29.52.png?fit=1200%2C1126&resize=700%2C400 2x, https:\/\/i0.wp.com\/news-papers.eu\/wp-content\/uploads\/2025\/08\/Bildschirmfoto-2025-08-19-um-21.29.52.png?fit=1200%2C1126&resize=1050%2C600 3x"},"classes":[]},{"id":17285,"url":"http:\/\/news-papers.eu\/?p=17285","url_meta":{"origin":16047,"position":2},"title":"Umfrage f\u00fcr eine Masterarbeit: Notfallversorgung in Deutschland","author":"Michael Bernhard","date":"Juli 21, 2023","format":false,"excerpt":"An\u00a0ALLE\u00a0Mitarbeitende aus Notaufnahmen, Rettungsdienst und \u00e4rztlichem Bereitschaftsdienst (auch \u00c4rztinnen und \u00c4rzte etc.) Flyer zur Umfrage mit QR-Code: 20230711_Flyer Notfallversorgung Wie steht es um die Notfallversorgung in Deutschland? Was f\u00fcr Menschen arbeiten dort? Mich interessiert Ihre Meinung zu Ihrer Arbeit. Was l\u00e4uft schlecht, aber auch was\u00a0l\u00e4uft vielleicht gut? Wo k\u00f6nnen wir\u2026","rel":"","context":"In &quot;Umfragen&quot;","block_context":{"text":"Umfragen","link":"http:\/\/news-papers.eu\/?cat=557"},"img":{"alt_text":"","src":"https:\/\/i0.wp.com\/news-papers.eu\/wp-content\/uploads\/2023\/07\/Bildschirmfoto-2023-07-19-um-10.20.39.png?fit=967%2C1200&resize=350%2C200","width":350,"height":200,"srcset":"https:\/\/i0.wp.com\/news-papers.eu\/wp-content\/uploads\/2023\/07\/Bildschirmfoto-2023-07-19-um-10.20.39.png?fit=967%2C1200&resize=350%2C200 1x, https:\/\/i0.wp.com\/news-papers.eu\/wp-content\/uploads\/2023\/07\/Bildschirmfoto-2023-07-19-um-10.20.39.png?fit=967%2C1200&resize=525%2C300 1.5x, https:\/\/i0.wp.com\/news-papers.eu\/wp-content\/uploads\/2023\/07\/Bildschirmfoto-2023-07-19-um-10.20.39.png?fit=967%2C1200&resize=700%2C400 2x"},"classes":[]},{"id":17698,"url":"http:\/\/news-papers.eu\/?p=17698","url_meta":{"origin":16047,"position":3},"title":"Palliativmedizinisches Wissen und palliativmedizinische Strukturen in deutschen Notaufnahmen","author":"Michael Bernhard","date":"November 27, 2023","format":false,"excerpt":"Patienten mit lebenslimitierenden\/palliativen Erkrankungen stellen eine Herausforderung fu\u0308r die Klinische Akut- und Notfallmedizin dar, denn trotz zunehmend ausgebauter Strukturen der spezialisierten ambulanten Palliativversorgung (SAPV) ist die Notaufnahme bei Symptomexazerbationen oder \u00dcberlastung der Angeh\u00f6rigen h\u00e4ufig erste Anlaufstelle. Da hier ebenso lebenslimitierende Erkrankungen erstdiagnostiziert und Therapieziele angepasst werden, scheint eine fru\u0308hzeitige Anbindung\u2026","rel":"","context":"In &quot;Zentrale interdisziplin\u00e4re Notaufnahme&quot;","block_context":{"text":"Zentrale interdisziplin\u00e4re Notaufnahme","link":"http:\/\/news-papers.eu\/?cat=10"},"img":{"alt_text":"","src":"https:\/\/i0.wp.com\/news-papers.eu\/wp-content\/uploads\/2023\/11\/Bildschirmfoto-2023-11-26-um-22.00.10.png?fit=1200%2C664&resize=350%2C200","width":350,"height":200,"srcset":"https:\/\/i0.wp.com\/news-papers.eu\/wp-content\/uploads\/2023\/11\/Bildschirmfoto-2023-11-26-um-22.00.10.png?fit=1200%2C664&resize=350%2C200 1x, https:\/\/i0.wp.com\/news-papers.eu\/wp-content\/uploads\/2023\/11\/Bildschirmfoto-2023-11-26-um-22.00.10.png?fit=1200%2C664&resize=525%2C300 1.5x, https:\/\/i0.wp.com\/news-papers.eu\/wp-content\/uploads\/2023\/11\/Bildschirmfoto-2023-11-26-um-22.00.10.png?fit=1200%2C664&resize=700%2C400 2x, https:\/\/i0.wp.com\/news-papers.eu\/wp-content\/uploads\/2023\/11\/Bildschirmfoto-2023-11-26-um-22.00.10.png?fit=1200%2C664&resize=1050%2C600 3x"},"classes":[]},{"id":19742,"url":"http:\/\/news-papers.eu\/?p=19742","url_meta":{"origin":16047,"position":4},"title":"Nehmen Sie teil: Umfrage der Deutschen Gesellschaft f\u00fcr Palliativmedizin","author":"Michael Bernhard","date":"Juli 22, 2025","format":false,"excerpt":"Die Deutsche Gesellschaft f\u00fcr Palliativmedizin (DGP) l\u00e4dt bis zum 22. August herzlich zur Teilnahme an zwei Befragungen zum Umgang mit palliativen Notfallsituationen ein. Notfallversorgende wie auch ambulante Palliativversorgende sind\u00a0gebeten, ihre Erfahrungen mit der Fachgesellschaft zu teilen. Notfallversorgende nehmen bitte hier teil: #palliamedic Ambulant Palliativversorgende schauen bitte hier: #sapv@once Es kostet\u2026","rel":"","context":"In &quot;Umfragen&quot;","block_context":{"text":"Umfragen","link":"http:\/\/news-papers.eu\/?cat=557"},"img":{"alt_text":"","src":"https:\/\/i0.wp.com\/news-papers.eu\/wp-content\/uploads\/2025\/07\/Bildschirmfoto-2025-07-21-um-17.50.20.png?fit=1200%2C744&resize=350%2C200","width":350,"height":200,"srcset":"https:\/\/i0.wp.com\/news-papers.eu\/wp-content\/uploads\/2025\/07\/Bildschirmfoto-2025-07-21-um-17.50.20.png?fit=1200%2C744&resize=350%2C200 1x, https:\/\/i0.wp.com\/news-papers.eu\/wp-content\/uploads\/2025\/07\/Bildschirmfoto-2025-07-21-um-17.50.20.png?fit=1200%2C744&resize=525%2C300 1.5x, https:\/\/i0.wp.com\/news-papers.eu\/wp-content\/uploads\/2025\/07\/Bildschirmfoto-2025-07-21-um-17.50.20.png?fit=1200%2C744&resize=700%2C400 2x, https:\/\/i0.wp.com\/news-papers.eu\/wp-content\/uploads\/2025\/07\/Bildschirmfoto-2025-07-21-um-17.50.20.png?fit=1200%2C744&resize=1050%2C600 3x"},"classes":[]},{"id":17222,"url":"http:\/\/news-papers.eu\/?p=17222","url_meta":{"origin":16047,"position":5},"title":"Umfrage zu gyn\u00e4kologische, p\u00e4diatrische, geburtshilfliche oder neonatologische Notfallpatienten &#8211; Steigen Sie ein und kreuzen Sie an&#8230;","author":"Michael Bernhard","date":"Juli 16, 2023","format":false,"excerpt":"Gyn\u00e4kologische, p\u00e4diatrische, geburtshilfliche oder neonatologische Notfallpatienten durchlaufen bei der Vorstellung in deutschen Krankenh\u00e4usern \u00e4u\u00dferst heterogene Versorgungsprozesse. Diese sind abh\u00e4ngig von den jeweils gewachsenen r\u00e4umlichen, personellen und organisatorischen Strukturen und der Kooperation der Notaufnahmen mit den Fachabteilungen. Diese Befragung der Universit\u00e4tsklinik Augsburg dient zur Erfassung dieser Strukturen und zur quantitativen Bedarfsanalyse\u2026","rel":"","context":"In &quot;Veranstaltungshinweis&quot;","block_context":{"text":"Veranstaltungshinweis","link":"http:\/\/news-papers.eu\/?cat=30"},"img":{"alt_text":"","src":"https:\/\/i0.wp.com\/news-papers.eu\/wp-content\/uploads\/2022\/11\/Umfrage-e1667686237656.png?fit=400%2C267&resize=350%2C200","width":350,"height":200},"classes":[]}],"jetpack_likes_enabled":true,"_links":{"self":[{"href":"http:\/\/news-papers.eu\/index.php?rest_route=\/wp\/v2\/posts\/16047","targetHints":{"allow":["GET"]}}],"collection":[{"href":"http:\/\/news-papers.eu\/index.php?rest_route=\/wp\/v2\/posts"}],"about":[{"href":"http:\/\/news-papers.eu\/index.php?rest_route=\/wp\/v2\/types\/post"}],"author":[{"embeddable":true,"href":"http:\/\/news-papers.eu\/index.php?rest_route=\/wp\/v2\/users\/2"}],"replies":[{"embeddable":true,"href":"http:\/\/news-papers.eu\/index.php?rest_route=%2Fwp%2Fv2%2Fcomments&post=16047"}],"version-history":[{"count":4,"href":"http:\/\/news-papers.eu\/index.php?rest_route=\/wp\/v2\/posts\/16047\/revisions"}],"predecessor-version":[{"id":16051,"href":"http:\/\/news-papers.eu\/index.php?rest_route=\/wp\/v2\/posts\/16047\/revisions\/16051"}],"wp:featuredmedia":[{"embeddable":true,"href":"http:\/\/news-papers.eu\/index.php?rest_route=\/wp\/v2\/media\/4450"}],"wp:attachment":[{"href":"http:\/\/news-papers.eu\/index.php?rest_route=%2Fwp%2Fv2%2Fmedia&parent=16047"}],"wp:term":[{"taxonomy":"category","embeddable":true,"href":"http:\/\/news-papers.eu\/index.php?rest_route=%2Fwp%2Fv2%2Fcategories&post=16047"},{"taxonomy":"post_tag","embeddable":true,"href":"http:\/\/news-papers.eu\/index.php?rest_route=%2Fwp%2Fv2%2Ftags&post=16047"}],"curies":[{"name":"wp","href":"https:\/\/api.w.org\/{rel}","templated":true}]}}