{"id":16027,"date":"2022-10-28T02:50:30","date_gmt":"2022-10-28T00:50:30","guid":{"rendered":"http:\/\/news-papers.eu\/?p=16027"},"modified":"2022-10-27T03:11:16","modified_gmt":"2022-10-27T01:11:16","slug":"notfallgaeu-in-memmingen","status":"publish","type":"post","link":"http:\/\/news-papers.eu\/?p=16027","title":{"rendered":"NOTFALLG\u00c4U in Memmingen"},"content":{"rendered":"<p style=\"text-align: justify;\">Am <strong>18. und 19. November<\/strong> l\u00e4dt das Klinikum Memmingen wieder zum <a href=\"https:\/\/notfallgaeu.de\/\" target=\"_blank\" rel=\"noopener\"><strong><span style=\"color: #ff0000;\">NOTFALL<\/span><span style=\"color: #008080;\">G\u00c4U<\/span><\/strong><\/a> ein.<\/p>\n<p style=\"text-align: justify;\">Die Pr\u00e4senzveranstaltung mit pers\u00f6nlichem Austausch, Pausengespr\u00e4chen und Industrieausstellung ist den Veranstaltern so wichtig, dass sie w\u00e4hrend der Pandemie die Veranstaltung ausfallen lie\u00dfen. Nun sollen sich alle in der Notfallmedizin engagierten: \u00c4rzte, Pflegende, Rettungsdienst, Sch\u00fcler und Studenten wieder in der Stadthalle Memmingen treffen.<\/p>\n<p style=\"text-align: justify;\">Bis zum 07.11.2022 kann man sich auf der <a href=\"https:\/\/notfallgaeu.de\/anmeldung\" target=\"_blank\" rel=\"noopener\">Internetseite<\/a> registrieren und bereits einen Blick auf das umfangreiche Programm mit <a href=\"https:\/\/notfallgaeu.de\/vortraege\" target=\"_blank\" rel=\"noopener\">Vortr\u00e4gen<\/a> und <a href=\"https:\/\/notfallgaeu.de\/workshops\" target=\"_blank\" rel=\"noopener\">Workshops<\/a> werfen. F\u00fcr Freitagabend ist ein get-together geplant, um den ersten Tag ausklingen zu lassen, und sich mit anderen Teilnehmern zu vernetzen.<\/p>\n<p><a href=\"https:\/\/i0.wp.com\/news-papers.eu\/wp-content\/uploads\/2022\/10\/NOTFALLGA%CC%88U.png\"><img data-recalc-dims=\"1\" loading=\"lazy\" decoding=\"async\" data-attachment-id=\"16028\" data-permalink=\"http:\/\/news-papers.eu\/?attachment_id=16028\" data-orig-file=\"https:\/\/i0.wp.com\/news-papers.eu\/wp-content\/uploads\/2022\/10\/NOTFALLGA%CC%88U.png?fit=1412%2C308\" data-orig-size=\"1412,308\" data-comments-opened=\"1\" data-image-meta=\"{&quot;aperture&quot;:&quot;0&quot;,&quot;credit&quot;:&quot;&quot;,&quot;camera&quot;:&quot;&quot;,&quot;caption&quot;:&quot;&quot;,&quot;created_timestamp&quot;:&quot;0&quot;,&quot;copyright&quot;:&quot;&quot;,&quot;focal_length&quot;:&quot;0&quot;,&quot;iso&quot;:&quot;0&quot;,&quot;shutter_speed&quot;:&quot;0&quot;,&quot;title&quot;:&quot;&quot;,&quot;orientation&quot;:&quot;0&quot;}\" data-image-title=\"NOTFALLGA\u0308U\" data-image-description=\"\" data-image-caption=\"\" data-large-file=\"https:\/\/i0.wp.com\/news-papers.eu\/wp-content\/uploads\/2022\/10\/NOTFALLGA%CC%88U.png?fit=1024%2C223\" class=\"aligncenter size-medium wp-image-16028\" src=\"https:\/\/i0.wp.com\/news-papers.eu\/wp-content\/uploads\/2022\/10\/NOTFALLGA%CC%88U.png?resize=300%2C65\" alt=\"\" width=\"300\" height=\"65\" srcset=\"https:\/\/i0.wp.com\/news-papers.eu\/wp-content\/uploads\/2022\/10\/NOTFALLGA%CC%88U.png?resize=300%2C65 300w, https:\/\/i0.wp.com\/news-papers.eu\/wp-content\/uploads\/2022\/10\/NOTFALLGA%CC%88U.png?resize=1024%2C223 1024w, https:\/\/i0.wp.com\/news-papers.eu\/wp-content\/uploads\/2022\/10\/NOTFALLGA%CC%88U.png?resize=768%2C168 768w, https:\/\/i0.wp.com\/news-papers.eu\/wp-content\/uploads\/2022\/10\/NOTFALLGA%CC%88U.png?resize=750%2C164 750w, https:\/\/i0.wp.com\/news-papers.eu\/wp-content\/uploads\/2022\/10\/NOTFALLGA%CC%88U.png?w=1412 1412w\" sizes=\"auto, (max-width: 300px) 100vw, 300px\" \/><\/a><\/p>\n","protected":false},"excerpt":{"rendered":"<p>Am 18. und 19. November l\u00e4dt das Klinikum Memmingen wieder zum NOTFALLG\u00c4U ein. Die Pr\u00e4senzveranstaltung mit pers\u00f6nlichem Austausch, Pausengespr\u00e4chen und Industrieausstellung ist den Veranstaltern so wichtig, dass sie w\u00e4hrend der [&hellip;]<\/p>\n","protected":false},"author":1,"featured_media":16028,"comment_status":"open","ping_status":"open","sticky":false,"template":"","format":"standard","meta":{"__cvm_playback_settings":[],"__cvm_video_id":"","jetpack_post_was_ever_published":false,"_jetpack_newsletter_access":"","_jetpack_dont_email_post_to_subs":false,"_jetpack_newsletter_tier_id":0,"_jetpack_memberships_contains_paywalled_content":false,"_jetpack_memberships_contains_paid_content":false,"footnotes":"","jetpack_publicize_message":"","jetpack_publicize_feature_enabled":true,"jetpack_social_post_already_shared":false,"jetpack_social_options":{"image_generator_settings":{"template":"highway","default_image_id":0,"font":"","enabled":false},"version":2},"_wpas_customize_per_network":false},"categories":[30],"tags":[2394,2137],"class_list":["post-16027","post","type-post","status-publish","format-standard","has-post-thumbnail","hentry","category-veranstaltungshinweis","tag-memmingen","tag-notfallgaeu"],"jetpack_publicize_connections":[],"jetpack_featured_media_url":"https:\/\/i0.wp.com\/news-papers.eu\/wp-content\/uploads\/2022\/10\/NOTFALLGA%CC%88U.png?fit=1412%2C308","jetpack_sharing_enabled":true,"jetpack_shortlink":"https:\/\/wp.me\/p7fR2g-4av","jetpack-related-posts":[{"id":18710,"url":"http:\/\/news-papers.eu\/?p=18710","url_meta":{"origin":16027,"position":0},"title":"NOTFALLg\u00e4u zum 11. Mal","author":"Bj\u00f6rn Hossfeld","date":"Oktober 26, 2024","format":false,"excerpt":"Seit 2012 treffen sich bereits zum 11. Mal pr\u00e4hospitale und klinische Notfallmediziner aus dem ganzen deutschsprachigen Raum in Memmingen zum NOTFALLg\u00e4u-Symposium. NOTFALLg\u00e4u 22.\/23. November 2024 Stadthalle Memmingen J\u00e4hrlich steigende Besucherzahlen sprechen f\u00fcr sich. Auch dieses Jahr gibt es wieder einen spannenden Streifzug durch die ganze Welt der Notfallmedizin, f\u00fcr den\u2026","rel":"","context":"In &quot;Veranstaltungshinweis&quot;","block_context":{"text":"Veranstaltungshinweis","link":"http:\/\/news-papers.eu\/?cat=30"},"img":{"alt_text":"","src":"https:\/\/i0.wp.com\/news-papers.eu\/wp-content\/uploads\/2024\/10\/Notfallgaeu-24.png?fit=908%2C438&resize=350%2C200","width":350,"height":200,"srcset":"https:\/\/i0.wp.com\/news-papers.eu\/wp-content\/uploads\/2024\/10\/Notfallgaeu-24.png?fit=908%2C438&resize=350%2C200 1x, https:\/\/i0.wp.com\/news-papers.eu\/wp-content\/uploads\/2024\/10\/Notfallgaeu-24.png?fit=908%2C438&resize=525%2C300 1.5x, https:\/\/i0.wp.com\/news-papers.eu\/wp-content\/uploads\/2024\/10\/Notfallgaeu-24.png?fit=908%2C438&resize=700%2C400 2x"},"classes":[]},{"id":17572,"url":"http:\/\/news-papers.eu\/?p=17572","url_meta":{"origin":16027,"position":1},"title":"noch 4 Wochen bis zum NOTFALLg\u00e4u","author":"Bj\u00f6rn Hossfeld","date":"Oktober 29, 2023","format":false,"excerpt":"Die Notfallmedizin ist barrierefrei. Erfolgreiche Behandlung ist nur durch hindernisfreies Zusammenwirken Aller m\u00f6glich. V\u00f6llig unabh\u00e4ngig ob man als Disponent, Notfallsanit\u00e4ter, klinischer Notallmediziner, Notfallpflege, Notarzt oder in anderer Funktion t\u00e4tig wird: Wichtig ist neben einer fundierten Ausbildung, Empathie und Engagement Fortbildung und die Kenntnis aktueller Standards. Dazu m\u00f6chten die Veranstalter des\u2026","rel":"","context":"In &quot;Veranstaltungshinweis&quot;","block_context":{"text":"Veranstaltungshinweis","link":"http:\/\/news-papers.eu\/?cat=30"},"img":{"alt_text":"","src":"https:\/\/i0.wp.com\/news-papers.eu\/wp-content\/uploads\/2023\/10\/notfALLGAeU-Header.png?fit=1200%2C364&resize=350%2C200","width":350,"height":200,"srcset":"https:\/\/i0.wp.com\/news-papers.eu\/wp-content\/uploads\/2023\/10\/notfALLGAeU-Header.png?fit=1200%2C364&resize=350%2C200 1x, https:\/\/i0.wp.com\/news-papers.eu\/wp-content\/uploads\/2023\/10\/notfALLGAeU-Header.png?fit=1200%2C364&resize=525%2C300 1.5x, https:\/\/i0.wp.com\/news-papers.eu\/wp-content\/uploads\/2023\/10\/notfALLGAeU-Header.png?fit=1200%2C364&resize=700%2C400 2x, https:\/\/i0.wp.com\/news-papers.eu\/wp-content\/uploads\/2023\/10\/notfALLGAeU-Header.png?fit=1200%2C364&resize=1050%2C600 3x"},"classes":[]},{"id":19982,"url":"http:\/\/news-papers.eu\/?p=19982","url_meta":{"origin":16027,"position":2},"title":"NOTFALLg\u00e4u am 21. + 22. November","author":"Bj\u00f6rn Hossfeld","date":"Oktober 8, 2025","format":false,"excerpt":"Ob es um Fehlerkultur, spezielle Kinder-Sessions, Trauma oder Notfallpflege geht \u2013 auf dem mittlerweile 12. NOTFALLG\u00c4U in Memmingen kann jeder seinen individuellen Schwerpunkt setzen. Angesprochen sind alle Fachkr\u00e4fte im Bereich der Notfallmedizin, insbesondere \u00c4rzte, Rettungsdienstpersonal und Notfallpflegekr\u00e4fte. Auch in diesem Jahr wird ein anspruchsvolles und umfassendes Vortragsprogramm mit namhaften Referenten\u2026","rel":"","context":"In &quot;Veranstaltungshinweis&quot;","block_context":{"text":"Veranstaltungshinweis","link":"http:\/\/news-papers.eu\/?cat=30"},"img":{"alt_text":"","src":"https:\/\/i0.wp.com\/news-papers.eu\/wp-content\/uploads\/2025\/10\/Notfallgaeu-2025-e1759473374870.png?fit=367%2C413&resize=350%2C200","width":350,"height":200},"classes":[]},{"id":14073,"url":"http:\/\/news-papers.eu\/?p=14073","url_meta":{"origin":16027,"position":3},"title":"Notfallg\u00e4u Notfallsymposium 2021 am 19.\/20.11.2021","author":"Michael Bernhard","date":"August 15, 2021","format":false,"excerpt":"Am\u00a019.\/20.11.2021 findet das\u00a0Notfallg\u00e4uer Notfallsymposium 2021 statt. Anbei finden Sie den Flyer der Veranstaltung bei dem es um Kindernotf\u00e4lle Invasive Therapieverfahren Alltagspflege Strategien und Perspektiven\u00a0 Overcrowding\u00a0 Verbrennungstrauma\u00a0 geht. Schauen Sie doch einmal vorbei... Flyer: Notfallgaeu_2021","rel":"","context":"In &quot;Veranstaltungshinweis&quot;","block_context":{"text":"Veranstaltungshinweis","link":"http:\/\/news-papers.eu\/?cat=30"},"img":{"alt_text":"","src":"https:\/\/i0.wp.com\/news-papers.eu\/wp-content\/uploads\/2021\/08\/Bildschirmfoto-2021-08-07-um-09.58.55.png?fit=1024%2C860&resize=350%2C200","width":350,"height":200,"srcset":"https:\/\/i0.wp.com\/news-papers.eu\/wp-content\/uploads\/2021\/08\/Bildschirmfoto-2021-08-07-um-09.58.55.png?fit=1024%2C860&resize=350%2C200 1x, https:\/\/i0.wp.com\/news-papers.eu\/wp-content\/uploads\/2021\/08\/Bildschirmfoto-2021-08-07-um-09.58.55.png?fit=1024%2C860&resize=525%2C300 1.5x, https:\/\/i0.wp.com\/news-papers.eu\/wp-content\/uploads\/2021\/08\/Bildschirmfoto-2021-08-07-um-09.58.55.png?fit=1024%2C860&resize=700%2C400 2x"},"classes":[]},{"id":8367,"url":"http:\/\/news-papers.eu\/?p=8367","url_meta":{"origin":16027,"position":4},"title":"LIFEMED 2018, 09.-11.11.2018","author":"Michael Bernhard","date":"Oktober 26, 2018","format":false,"excerpt":"Seien Sie mit dabei:\u00a0In 14\u00a0Tagen findet zum\u00a0sechsten Mal das Leipziger Interdisziplin\u00e4re Forum f\u00fcr\u00a0Notfallaufnahme und Notfallmedizin (LIFEMED) in Leipzig statt (09.-11.11.2018). Auch\u00a02018 werden wieder rund 400 Teilnehmer aus\u00a0dem gesamten Bundesgebiet und dem deutschsprachigen\u00a0Ausland (www.lifemed-zna.de) erwartet.\u00a0Die Veranstaltung richtet sich in bew\u00e4hrter Form an\u00a0den Rettungs- und Notarztdienst, das nicht\u00e4rztliche\u00a0wie \u00e4rztliche Personal der Notaufnahmen,\u2026","rel":"","context":"In &quot;Veranstaltungshinweis&quot;","block_context":{"text":"Veranstaltungshinweis","link":"http:\/\/news-papers.eu\/?cat=30"},"img":{"alt_text":"","src":"https:\/\/i0.wp.com\/news-papers.eu\/wp-content\/uploads\/2018\/10\/Bildschirmfoto-2018-10-24-um-22.14.23-215x300.png?resize=350%2C200","width":350,"height":200,"srcset":"https:\/\/i0.wp.com\/news-papers.eu\/wp-content\/uploads\/2018\/10\/Bildschirmfoto-2018-10-24-um-22.14.23-215x300.png?resize=350%2C200 1x, https:\/\/i0.wp.com\/news-papers.eu\/wp-content\/uploads\/2018\/10\/Bildschirmfoto-2018-10-24-um-22.14.23-215x300.png?resize=525%2C300 1.5x"},"classes":[]},{"id":8034,"url":"http:\/\/news-papers.eu\/?p=8034","url_meta":{"origin":16027,"position":5},"title":"LIFEMED 2018 vom 09.-11.11. in Leipzig","author":"Michael Bernhard","date":"September 16, 2018","format":false,"excerpt":"Sehen Sie den Trailer zum LIFEMED 2018 hier:\u00a0LIFEMED2018 Am\u00a009. bis 11. November 2018 nunmehr bereits zum\u00a0sechsten Mal das Leipziger Interdisziplin\u00e4re Forum f\u00fcr\u00a0Notfallaufnahme und Notfallmedizin (LIFEMED). Auch\u00a02018 erwarten wir wieder rund 400 Teilnehmer aus\u00a0dem gesamten Bundesgebiet und dem deutschsprachigen\u00a0Ausland (www.lifemed-zna.de).\u00a0Die Veranstaltung richtet sich in bew\u00e4hrter Form an\u00a0den Rettungs- und Notarztdienst, das\u2026","rel":"","context":"In &quot;Veranstaltungshinweis&quot;","block_context":{"text":"Veranstaltungshinweis","link":"http:\/\/news-papers.eu\/?cat=30"},"img":{"alt_text":"","src":"https:\/\/i0.wp.com\/news-papers.eu\/wp-content\/uploads\/2018\/08\/Bildschirmfoto-2018-08-25-um-12.11.17.png?fit=1200%2C732&resize=350%2C200","width":350,"height":200,"srcset":"https:\/\/i0.wp.com\/news-papers.eu\/wp-content\/uploads\/2018\/08\/Bildschirmfoto-2018-08-25-um-12.11.17.png?fit=1200%2C732&resize=350%2C200 1x, https:\/\/i0.wp.com\/news-papers.eu\/wp-content\/uploads\/2018\/08\/Bildschirmfoto-2018-08-25-um-12.11.17.png?fit=1200%2C732&resize=525%2C300 1.5x, https:\/\/i0.wp.com\/news-papers.eu\/wp-content\/uploads\/2018\/08\/Bildschirmfoto-2018-08-25-um-12.11.17.png?fit=1200%2C732&resize=700%2C400 2x, https:\/\/i0.wp.com\/news-papers.eu\/wp-content\/uploads\/2018\/08\/Bildschirmfoto-2018-08-25-um-12.11.17.png?fit=1200%2C732&resize=1050%2C600 3x"},"classes":[]}],"jetpack_likes_enabled":true,"_links":{"self":[{"href":"http:\/\/news-papers.eu\/index.php?rest_route=\/wp\/v2\/posts\/16027","targetHints":{"allow":["GET"]}}],"collection":[{"href":"http:\/\/news-papers.eu\/index.php?rest_route=\/wp\/v2\/posts"}],"about":[{"href":"http:\/\/news-papers.eu\/index.php?rest_route=\/wp\/v2\/types\/post"}],"author":[{"embeddable":true,"href":"http:\/\/news-papers.eu\/index.php?rest_route=\/wp\/v2\/users\/1"}],"replies":[{"embeddable":true,"href":"http:\/\/news-papers.eu\/index.php?rest_route=%2Fwp%2Fv2%2Fcomments&post=16027"}],"version-history":[{"count":1,"href":"http:\/\/news-papers.eu\/index.php?rest_route=\/wp\/v2\/posts\/16027\/revisions"}],"predecessor-version":[{"id":16029,"href":"http:\/\/news-papers.eu\/index.php?rest_route=\/wp\/v2\/posts\/16027\/revisions\/16029"}],"wp:featuredmedia":[{"embeddable":true,"href":"http:\/\/news-papers.eu\/index.php?rest_route=\/wp\/v2\/media\/16028"}],"wp:attachment":[{"href":"http:\/\/news-papers.eu\/index.php?rest_route=%2Fwp%2Fv2%2Fmedia&parent=16027"}],"wp:term":[{"taxonomy":"category","embeddable":true,"href":"http:\/\/news-papers.eu\/index.php?rest_route=%2Fwp%2Fv2%2Fcategories&post=16027"},{"taxonomy":"post_tag","embeddable":true,"href":"http:\/\/news-papers.eu\/index.php?rest_route=%2Fwp%2Fv2%2Ftags&post=16027"}],"curies":[{"name":"wp","href":"https:\/\/api.w.org\/{rel}","templated":true}]}}