{"id":15583,"date":"2022-06-19T09:05:01","date_gmt":"2022-06-19T07:05:01","guid":{"rendered":"http:\/\/news-papers.eu\/?p=15583"},"modified":"2022-06-19T09:05:51","modified_gmt":"2022-06-19T07:05:51","slug":"airmed-kongress-in-salzburg","status":"publish","type":"post","link":"http:\/\/news-papers.eu\/?p=15583","title":{"rendered":"AirMed Kongress in Salzburg"},"content":{"rendered":"<p style=\"text-align: justify;\">Vom 28.-30. Juni 2022 l\u00e4dt die <a href=\"https:\/\/www.oeamtc.at\/thema\/flugrettung\/\" target=\"_blank\" rel=\"noopener\">\u00d6AMTC Flugrettung<\/a> alle an der Luftrettung Interessierten zum AirMed Kongress nach Salzburg ein.<\/p>\n<p id=\"tw-target-text\" class=\"tw-data-text tw-text-large tw-ta\" dir=\"ltr\" style=\"text-align: justify;\" data-placeholder=\"\u00dcbersetzung\"><span class=\"Y2IQFc\" lang=\"de\">Die Konferenz bringt globale Experten zusammen, um die Zukunft des Luftrettungsdienstes zu gestalten. Mit seinen internationalen Teilnehmer bietet diese Veranstaltung eine ideale Plattform, um sich zu vernetzen und gemeinsam wichtige Aspekte der Luftrettung zu diskutieren.<\/span><\/p>\n<p dir=\"ltr\" style=\"text-align: justify;\" data-placeholder=\"\u00dcbersetzung\">Weitere Informationen und <a href=\"https:\/\/www.airmed2022.eu\/en\/program\" target=\"_blank\" rel=\"noopener\">das interessante und vielf\u00e4ltige Programm finden Sie hier<\/a>.<\/p>\n<p dir=\"ltr\" style=\"text-align: justify;\" data-placeholder=\"\u00dcbersetzung\"><a href=\"https:\/\/www.airmed2022.eu\/en\/program\" target=\"_blank\" rel=\"noopener\"><img data-recalc-dims=\"1\" loading=\"lazy\" decoding=\"async\" data-attachment-id=\"15585\" data-permalink=\"http:\/\/news-papers.eu\/?attachment_id=15585\" data-orig-file=\"https:\/\/i0.wp.com\/news-papers.eu\/wp-content\/uploads\/2022\/06\/AirMed-2022.png?fit=2800%2C902\" data-orig-size=\"2800,902\" data-comments-opened=\"1\" data-image-meta=\"{&quot;aperture&quot;:&quot;0&quot;,&quot;credit&quot;:&quot;&quot;,&quot;camera&quot;:&quot;&quot;,&quot;caption&quot;:&quot;&quot;,&quot;created_timestamp&quot;:&quot;0&quot;,&quot;copyright&quot;:&quot;&quot;,&quot;focal_length&quot;:&quot;0&quot;,&quot;iso&quot;:&quot;0&quot;,&quot;shutter_speed&quot;:&quot;0&quot;,&quot;title&quot;:&quot;&quot;,&quot;orientation&quot;:&quot;0&quot;}\" data-image-title=\"AirMed 2022\" data-image-description=\"\" data-image-caption=\"\" data-large-file=\"https:\/\/i0.wp.com\/news-papers.eu\/wp-content\/uploads\/2022\/06\/AirMed-2022.png?fit=1024%2C330\" class=\"aligncenter size-large wp-image-15585\" src=\"https:\/\/i0.wp.com\/news-papers.eu\/wp-content\/uploads\/2022\/06\/AirMed-2022.png?resize=1024%2C330\" alt=\"\" width=\"1024\" height=\"330\" srcset=\"https:\/\/i0.wp.com\/news-papers.eu\/wp-content\/uploads\/2022\/06\/AirMed-2022.png?resize=1024%2C330 1024w, https:\/\/i0.wp.com\/news-papers.eu\/wp-content\/uploads\/2022\/06\/AirMed-2022.png?resize=300%2C97 300w, https:\/\/i0.wp.com\/news-papers.eu\/wp-content\/uploads\/2022\/06\/AirMed-2022.png?resize=768%2C247 768w, https:\/\/i0.wp.com\/news-papers.eu\/wp-content\/uploads\/2022\/06\/AirMed-2022.png?resize=1536%2C495 1536w, https:\/\/i0.wp.com\/news-papers.eu\/wp-content\/uploads\/2022\/06\/AirMed-2022.png?resize=2048%2C660 2048w, https:\/\/i0.wp.com\/news-papers.eu\/wp-content\/uploads\/2022\/06\/AirMed-2022.png?resize=750%2C242 750w, https:\/\/i0.wp.com\/news-papers.eu\/wp-content\/uploads\/2022\/06\/AirMed-2022.png?w=2340 2340w\" sizes=\"auto, (max-width: 1024px) 100vw, 1024px\" \/><\/a><\/p>\n","protected":false},"excerpt":{"rendered":"<p>Vom 28.-30. Juni 2022 l\u00e4dt die \u00d6AMTC Flugrettung alle an der Luftrettung Interessierten zum AirMed Kongress nach Salzburg ein. Die Konferenz bringt globale Experten zusammen, um die Zukunft des Luftrettungsdienstes [&hellip;]<\/p>\n","protected":false},"author":1,"featured_media":15584,"comment_status":"open","ping_status":"open","sticky":false,"template":"","format":"standard","meta":{"__cvm_playback_settings":[],"__cvm_video_id":"","jetpack_post_was_ever_published":false,"_jetpack_newsletter_access":"","_jetpack_dont_email_post_to_subs":false,"_jetpack_newsletter_tier_id":0,"_jetpack_memberships_contains_paywalled_content":false,"_jetpack_memberships_contains_paid_content":false,"footnotes":"","jetpack_publicize_message":"","jetpack_publicize_feature_enabled":true,"jetpack_social_post_already_shared":true,"jetpack_social_options":{"image_generator_settings":{"template":"highway","default_image_id":0,"font":"","enabled":false},"version":2},"_wpas_customize_per_network":false},"categories":[30],"tags":[2334,2335],"class_list":["post-15583","post","type-post","status-publish","format-standard","has-post-thumbnail","hentry","category-veranstaltungshinweis","tag-airmed","tag-salzburg"],"jetpack_publicize_connections":[],"jetpack_featured_media_url":"https:\/\/i0.wp.com\/news-papers.eu\/wp-content\/uploads\/2022\/06\/airmed2022.jpg?fit=800%2C800","jetpack_sharing_enabled":true,"jetpack_shortlink":"https:\/\/wp.me\/p7fR2g-43l","jetpack-related-posts":[{"id":8205,"url":"http:\/\/news-papers.eu\/?p=8205","url_meta":{"origin":15583,"position":0},"title":"Flugrettungssymposium in Salzburg","author":"Bj\u00f6rn Hossfeld","date":"November 15, 2018","format":false,"excerpt":"Wie von uns angek\u00fcndigt fand am 29. September 2018 das 4. mitteleurop\u00e4ische Flugrettungssymposium mit interessanten Beitr\u00e4gen aus Norwegen, Ungarn, Italien (S\u00fcdtirol), der Schweiz, \u00d6sterreich und Deutschland in Salzburg statt. Das Team um Prof. W. Voelckel (\u00c4rztlicher Leiter der Christophorus Flugrettung) hatte ein breites Spektrum an Themen von und f\u00fcr HEMS-TC,\u2026","rel":"","context":"In &quot;Tagungen und Kongresse&quot;","block_context":{"text":"Tagungen und Kongresse","link":"http:\/\/news-papers.eu\/?cat=1012"},"img":{"alt_text":"","src":"https:\/\/i0.wp.com\/news-papers.eu\/wp-content\/uploads\/2018\/08\/Bildschirmfoto-2018-08-11-um-22.18.38.png?fit=1200%2C847&resize=350%2C200","width":350,"height":200,"srcset":"https:\/\/i0.wp.com\/news-papers.eu\/wp-content\/uploads\/2018\/08\/Bildschirmfoto-2018-08-11-um-22.18.38.png?fit=1200%2C847&resize=350%2C200 1x, https:\/\/i0.wp.com\/news-papers.eu\/wp-content\/uploads\/2018\/08\/Bildschirmfoto-2018-08-11-um-22.18.38.png?fit=1200%2C847&resize=525%2C300 1.5x, https:\/\/i0.wp.com\/news-papers.eu\/wp-content\/uploads\/2018\/08\/Bildschirmfoto-2018-08-11-um-22.18.38.png?fit=1200%2C847&resize=700%2C400 2x, https:\/\/i0.wp.com\/news-papers.eu\/wp-content\/uploads\/2018\/08\/Bildschirmfoto-2018-08-11-um-22.18.38.png?fit=1200%2C847&resize=1050%2C600 3x"},"classes":[]},{"id":10210,"url":"http:\/\/news-papers.eu\/?p=10210","url_meta":{"origin":15583,"position":1},"title":"Notfallkongress in Salzburg","author":"Bj\u00f6rn Hossfeld","date":"September 23, 2019","format":false,"excerpt":"Unter dem Motto \"Grenzen erkennen - Grenzen verschieben\" l\u00e4dt die \u00d6sterreichische Gesellschaft f\u00fcr Notfall- und Katastrophenmedizin (\u00d6NK) gemeinsam mit der Arbeitsgemeinschaft der in Bayern t\u00e4tigen Not\u00e4rzte (agbn) und der Austrian Association for Emergency Medicine (AAEM) zum diesj\u00e4hrigen Kongress am 4.+5. November nach Salzburg ein. Gerade in der Notfallmedizin m\u00fcssen wir\u2026","rel":"","context":"In &quot;Veranstaltungshinweis&quot;","block_context":{"text":"Veranstaltungshinweis","link":"http:\/\/news-papers.eu\/?cat=30"},"img":{"alt_text":"","src":"https:\/\/i0.wp.com\/news-papers.eu\/wp-content\/uploads\/2019\/09\/O%CC%88NK.png?fit=1200%2C550&resize=350%2C200","width":350,"height":200,"srcset":"https:\/\/i0.wp.com\/news-papers.eu\/wp-content\/uploads\/2019\/09\/O%CC%88NK.png?fit=1200%2C550&resize=350%2C200 1x, https:\/\/i0.wp.com\/news-papers.eu\/wp-content\/uploads\/2019\/09\/O%CC%88NK.png?fit=1200%2C550&resize=525%2C300 1.5x, https:\/\/i0.wp.com\/news-papers.eu\/wp-content\/uploads\/2019\/09\/O%CC%88NK.png?fit=1200%2C550&resize=700%2C400 2x, https:\/\/i0.wp.com\/news-papers.eu\/wp-content\/uploads\/2019\/09\/O%CC%88NK.png?fit=1200%2C550&resize=1050%2C600 3x"},"classes":[]},{"id":17421,"url":"http:\/\/news-papers.eu\/?p=17421","url_meta":{"origin":15583,"position":2},"title":"nur noch 4 Wochen bis zum Flugrettungssymposium","author":"Bj\u00f6rn Hossfeld","date":"August 31, 2023","format":false,"excerpt":"In 4 Wochen findet auf Einladung der \u00d6AMTC Flugrettung das 8. Mitteleurop\u00e4ische Flugrettungssymposium statt: am 30. September 2023 ins Olympia Kongress Zentrum nach Seefeld in Tirol Das eint\u00e4gige Symposium in seinem etablierten Format richtet sich an alle in der Luftrettung t\u00e4tigen Kolleginnen und Kollegen, an Angeh\u00f6rige des Rettungsdienstes, Piloten und\u2026","rel":"","context":"In &quot;Veranstaltungshinweis&quot;","block_context":{"text":"Veranstaltungshinweis","link":"http:\/\/news-papers.eu\/?cat=30"},"img":{"alt_text":"","src":"https:\/\/i0.wp.com\/news-papers.eu\/wp-content\/uploads\/2023\/06\/Bildschirmfoto-2023-06-11-um-07.26.55.png?fit=1200%2C386&resize=350%2C200","width":350,"height":200,"srcset":"https:\/\/i0.wp.com\/news-papers.eu\/wp-content\/uploads\/2023\/06\/Bildschirmfoto-2023-06-11-um-07.26.55.png?fit=1200%2C386&resize=350%2C200 1x, https:\/\/i0.wp.com\/news-papers.eu\/wp-content\/uploads\/2023\/06\/Bildschirmfoto-2023-06-11-um-07.26.55.png?fit=1200%2C386&resize=525%2C300 1.5x, https:\/\/i0.wp.com\/news-papers.eu\/wp-content\/uploads\/2023\/06\/Bildschirmfoto-2023-06-11-um-07.26.55.png?fit=1200%2C386&resize=700%2C400 2x, https:\/\/i0.wp.com\/news-papers.eu\/wp-content\/uploads\/2023\/06\/Bildschirmfoto-2023-06-11-um-07.26.55.png?fit=1200%2C386&resize=1050%2C600 3x"},"classes":[]},{"id":7945,"url":"http:\/\/news-papers.eu\/?p=7945","url_meta":{"origin":15583,"position":3},"title":"Flugrettungssymposium in Salzburg","author":"Bj\u00f6rn Hossfeld","date":"August 11, 2018","format":false,"excerpt":"Am 29. September wird das 4. Mitteleurop\u00e4ische Flugrettungssymposium in Salzburg stattfinden. Die Gastgeber von der Christophorus Flugrettung in \u00d6sterreich haben ein interessantes Programm mit internationalen Referenten zusammengestellt. Wie im vergangenen Jahr in Ulm wird eine Sitzung in englischer Sprache die Vortragsreihe abrunden. Ein Schwerpunkt wird die Zusammenarbeit mit Sondereinheiten und\u2026","rel":"","context":"In &quot;Veranstaltungshinweis&quot;","block_context":{"text":"Veranstaltungshinweis","link":"http:\/\/news-papers.eu\/?cat=30"},"img":{"alt_text":"","src":"https:\/\/i0.wp.com\/news-papers.eu\/wp-content\/uploads\/2018\/08\/Bildschirmfoto-2018-08-11-um-22.18.38.png?fit=1200%2C847&resize=350%2C200","width":350,"height":200,"srcset":"https:\/\/i0.wp.com\/news-papers.eu\/wp-content\/uploads\/2018\/08\/Bildschirmfoto-2018-08-11-um-22.18.38.png?fit=1200%2C847&resize=350%2C200 1x, https:\/\/i0.wp.com\/news-papers.eu\/wp-content\/uploads\/2018\/08\/Bildschirmfoto-2018-08-11-um-22.18.38.png?fit=1200%2C847&resize=525%2C300 1.5x, https:\/\/i0.wp.com\/news-papers.eu\/wp-content\/uploads\/2018\/08\/Bildschirmfoto-2018-08-11-um-22.18.38.png?fit=1200%2C847&resize=700%2C400 2x, https:\/\/i0.wp.com\/news-papers.eu\/wp-content\/uploads\/2018\/08\/Bildschirmfoto-2018-08-11-um-22.18.38.png?fit=1200%2C847&resize=1050%2C600 3x"},"classes":[]},{"id":17168,"url":"http:\/\/news-papers.eu\/?p=17168","url_meta":{"origin":15583,"position":4},"title":"8. Mitteleurop\u00e4isches Flugrettungssymposium &#038; 40 Jahre \u00d6AMTC Flugrettung","author":"Bj\u00f6rn Hossfeld","date":"Juni 11, 2023","format":false,"excerpt":"Bereits zum 8. Mal findet diesen Herbst das Mitteleurop\u00e4ische Flugrettungssymposium statt. In diesem Jahr laden die Veranstalter gemeinsam mit der \u00d6AMTC Flugrettung am 30. September 2023 ins Olympia Kongress Zentrum nach Seefeld in Tirol ein. Das eint\u00e4gige Symposium in seinem etablierten Format richtet sich an alle in der Flugrettung t\u00e4tigen\u2026","rel":"","context":"In &quot;Veranstaltungshinweis&quot;","block_context":{"text":"Veranstaltungshinweis","link":"http:\/\/news-papers.eu\/?cat=30"},"img":{"alt_text":"","src":"https:\/\/i0.wp.com\/news-papers.eu\/wp-content\/uploads\/2023\/06\/Flugrettungssymposium-Logo-23.png?fit=1200%2C1198&resize=350%2C200","width":350,"height":200,"srcset":"https:\/\/i0.wp.com\/news-papers.eu\/wp-content\/uploads\/2023\/06\/Flugrettungssymposium-Logo-23.png?fit=1200%2C1198&resize=350%2C200 1x, https:\/\/i0.wp.com\/news-papers.eu\/wp-content\/uploads\/2023\/06\/Flugrettungssymposium-Logo-23.png?fit=1200%2C1198&resize=525%2C300 1.5x, https:\/\/i0.wp.com\/news-papers.eu\/wp-content\/uploads\/2023\/06\/Flugrettungssymposium-Logo-23.png?fit=1200%2C1198&resize=700%2C400 2x, https:\/\/i0.wp.com\/news-papers.eu\/wp-content\/uploads\/2023\/06\/Flugrettungssymposium-Logo-23.png?fit=1200%2C1198&resize=1050%2C600 3x"},"classes":[]},{"id":19946,"url":"http:\/\/news-papers.eu\/?p=19946","url_meta":{"origin":15583,"position":5},"title":"Luftrettung der Zukunft","author":"Bj\u00f6rn Hossfeld","date":"September 27, 2025","format":false,"excerpt":"Ende April fand auf Einladung der Ennecker Stiftung das Enneker Forum Tegernsee EFT 2025 LR zur Luftrettung statt. Die Diskussionen des Enneker Forum Tegernsee EFT 2025 LR zur Luftrettung umfassten zentrale Herausforderungen und Perspektiven der Luftrettung in Deutschland. Vertreter aus Medizin, Flugbetrieb, Leitstellen, Politik und Betreiberorganisationen kamen zusammen, um gemeinsame\u2026","rel":"","context":"In &quot;allgemein&quot;","block_context":{"text":"allgemein","link":"http:\/\/news-papers.eu\/?cat=2"},"img":{"alt_text":"","src":"https:\/\/i0.wp.com\/news-papers.eu\/wp-content\/uploads\/2025\/09\/EFT-scaled-e1758965905357.jpg?fit=1200%2C913&resize=350%2C200","width":350,"height":200,"srcset":"https:\/\/i0.wp.com\/news-papers.eu\/wp-content\/uploads\/2025\/09\/EFT-scaled-e1758965905357.jpg?fit=1200%2C913&resize=350%2C200 1x, https:\/\/i0.wp.com\/news-papers.eu\/wp-content\/uploads\/2025\/09\/EFT-scaled-e1758965905357.jpg?fit=1200%2C913&resize=525%2C300 1.5x, https:\/\/i0.wp.com\/news-papers.eu\/wp-content\/uploads\/2025\/09\/EFT-scaled-e1758965905357.jpg?fit=1200%2C913&resize=700%2C400 2x, https:\/\/i0.wp.com\/news-papers.eu\/wp-content\/uploads\/2025\/09\/EFT-scaled-e1758965905357.jpg?fit=1200%2C913&resize=1050%2C600 3x"},"classes":[]}],"jetpack_likes_enabled":true,"_links":{"self":[{"href":"http:\/\/news-papers.eu\/index.php?rest_route=\/wp\/v2\/posts\/15583","targetHints":{"allow":["GET"]}}],"collection":[{"href":"http:\/\/news-papers.eu\/index.php?rest_route=\/wp\/v2\/posts"}],"about":[{"href":"http:\/\/news-papers.eu\/index.php?rest_route=\/wp\/v2\/types\/post"}],"author":[{"embeddable":true,"href":"http:\/\/news-papers.eu\/index.php?rest_route=\/wp\/v2\/users\/1"}],"replies":[{"embeddable":true,"href":"http:\/\/news-papers.eu\/index.php?rest_route=%2Fwp%2Fv2%2Fcomments&post=15583"}],"version-history":[{"count":3,"href":"http:\/\/news-papers.eu\/index.php?rest_route=\/wp\/v2\/posts\/15583\/revisions"}],"predecessor-version":[{"id":15588,"href":"http:\/\/news-papers.eu\/index.php?rest_route=\/wp\/v2\/posts\/15583\/revisions\/15588"}],"wp:featuredmedia":[{"embeddable":true,"href":"http:\/\/news-papers.eu\/index.php?rest_route=\/wp\/v2\/media\/15584"}],"wp:attachment":[{"href":"http:\/\/news-papers.eu\/index.php?rest_route=%2Fwp%2Fv2%2Fmedia&parent=15583"}],"wp:term":[{"taxonomy":"category","embeddable":true,"href":"http:\/\/news-papers.eu\/index.php?rest_route=%2Fwp%2Fv2%2Fcategories&post=15583"},{"taxonomy":"post_tag","embeddable":true,"href":"http:\/\/news-papers.eu\/index.php?rest_route=%2Fwp%2Fv2%2Ftags&post=15583"}],"curies":[{"name":"wp","href":"https:\/\/api.w.org\/{rel}","templated":true}]}}