{"id":15578,"date":"2022-06-17T04:12:19","date_gmt":"2022-06-17T02:12:19","guid":{"rendered":"http:\/\/news-papers.eu\/?p=15578"},"modified":"2022-06-16T07:17:49","modified_gmt":"2022-06-16T05:17:49","slug":"schkeuditzer-notfallsymposium-am-21-06-2022","status":"publish","type":"post","link":"http:\/\/news-papers.eu\/?p=15578","title":{"rendered":"Schkeuditzer Notfallsymposium am 21.06.2022"},"content":{"rendered":"<div><img data-recalc-dims=\"1\" loading=\"lazy\" decoding=\"async\" data-attachment-id=\"15579\" data-permalink=\"http:\/\/news-papers.eu\/?attachment_id=15579\" data-orig-file=\"https:\/\/i0.wp.com\/news-papers.eu\/wp-content\/uploads\/2022\/06\/Bildschirmfoto-2022-06-16-um-07.13.20.png?fit=870%2C974\" data-orig-size=\"870,974\" data-comments-opened=\"1\" data-image-meta=\"{&quot;aperture&quot;:&quot;0&quot;,&quot;credit&quot;:&quot;&quot;,&quot;camera&quot;:&quot;&quot;,&quot;caption&quot;:&quot;&quot;,&quot;created_timestamp&quot;:&quot;0&quot;,&quot;copyright&quot;:&quot;&quot;,&quot;focal_length&quot;:&quot;0&quot;,&quot;iso&quot;:&quot;0&quot;,&quot;shutter_speed&quot;:&quot;0&quot;,&quot;title&quot;:&quot;&quot;,&quot;orientation&quot;:&quot;0&quot;}\" data-image-title=\"Bildschirmfoto 2022-06-16 um 07.13.20\" data-image-description=\"\" data-image-caption=\"\" data-large-file=\"https:\/\/i0.wp.com\/news-papers.eu\/wp-content\/uploads\/2022\/06\/Bildschirmfoto-2022-06-16-um-07.13.20.png?fit=870%2C974\" class=\"wp-image-15579 aligncenter\" src=\"https:\/\/i0.wp.com\/news-papers.eu\/wp-content\/uploads\/2022\/06\/Bildschirmfoto-2022-06-16-um-07.13.20.png?resize=672%2C752\" alt=\"\" width=\"672\" height=\"752\" srcset=\"https:\/\/i0.wp.com\/news-papers.eu\/wp-content\/uploads\/2022\/06\/Bildschirmfoto-2022-06-16-um-07.13.20.png?resize=268%2C300 268w, https:\/\/i0.wp.com\/news-papers.eu\/wp-content\/uploads\/2022\/06\/Bildschirmfoto-2022-06-16-um-07.13.20.png?resize=768%2C860 768w, https:\/\/i0.wp.com\/news-papers.eu\/wp-content\/uploads\/2022\/06\/Bildschirmfoto-2022-06-16-um-07.13.20.png?resize=750%2C840 750w, https:\/\/i0.wp.com\/news-papers.eu\/wp-content\/uploads\/2022\/06\/Bildschirmfoto-2022-06-16-um-07.13.20.png?w=870 870w\" sizes=\"auto, (max-width: 672px) 100vw, 672px\" \/><\/div>\n<div><\/div>\n<div style=\"text-align: justify\">Hallo liebe news-papers Follower, f\u00fcr Kurzentschlossene m\u00f6chte ich sie alle am Dienstag den 21.06.2022, ab 19:00 Uhr zu unserer kostenlosen, mit 3 CME Punkten zertifizierten Online Fortbildung einladen.<\/div>\n<div style=\"text-align: justify\"><\/div>\n<div style=\"text-align: justify\">Unter dem Thema Zukunft, Gegenwart, Vergangenheit lade ich zu einem Ausblick auf die M\u00f6glichkeiten der Ver\u00e4nderung den Notaufnahme ein.<\/div>\n<div style=\"text-align: justify\">Wir besprechen Nadelstichverletzungen, Lehren die aus der Behandlung hunderter Schwestverletzter bei eine Massenschie\u00dferei in Texas f\u00fcr die Mitarbeiter der ZNA gezogen werden k\u00f6nnen. Werfen einen Blick auf den aktuellen Stand der (pr\u00e4-)klinischen Versorgung beim Status Epilepticus und enden mit einem sehr unterhaltsamen Ritt durch die Geschichte der Notfallmedizin.<\/div>\n<div><\/div>\n<div>Ich freue mich auf sie als interessierte G\u00e4ste!<\/div>\n<div>Gr\u00fc\u00dfe aus Schkeuditz\/Leipzig Martin K\u00fcstenhoff<\/div>\n<div><\/div>\n<div><strong>PDF: <a href=\"http:\/\/news-papers.eu\/wp-content\/uploads\/2022\/06\/20220524-selbstdruck-2n-a4-einladung-notfallsymposium-hsk-helios.pdf\">einladung-notfallsymposium-hsk-helios<\/a><\/strong><\/div>\n","protected":false},"excerpt":{"rendered":"<p>Hallo liebe news-papers Follower, f\u00fcr Kurzentschlossene m\u00f6chte ich sie alle am Dienstag den 21.06.2022, ab 19:00 Uhr zu unserer kostenlosen, mit 3 CME Punkten zertifizierten Online Fortbildung einladen. Unter dem [&hellip;]<\/p>\n","protected":false},"author":2,"featured_media":15582,"comment_status":"open","ping_status":"open","sticky":false,"template":"","format":"standard","meta":{"__cvm_playback_settings":[],"__cvm_video_id":"","jetpack_post_was_ever_published":false,"_jetpack_newsletter_access":"","_jetpack_dont_email_post_to_subs":false,"_jetpack_newsletter_tier_id":0,"_jetpack_memberships_contains_paywalled_content":false,"_jetpack_memberships_contains_paid_content":false,"footnotes":"","jetpack_publicize_message":"","jetpack_publicize_feature_enabled":true,"jetpack_social_post_already_shared":true,"jetpack_social_options":{"image_generator_settings":{"template":"highway","default_image_id":0,"font":"","enabled":false},"version":2},"_wpas_customize_per_network":false},"categories":[30],"tags":[2027],"class_list":["post-15578","post","type-post","status-publish","format-standard","has-post-thumbnail","hentry","category-veranstaltungshinweis","tag-schkeuditzer-notfallsymposium"],"jetpack_publicize_connections":[],"jetpack_featured_media_url":"https:\/\/i0.wp.com\/news-papers.eu\/wp-content\/uploads\/2022\/06\/Bildschirmfoto-2022-06-16-um-07.16.36.png?fit=360%2C314","jetpack_sharing_enabled":true,"jetpack_shortlink":"https:\/\/wp.me\/p7fR2g-43g","jetpack-related-posts":[{"id":14694,"url":"http:\/\/news-papers.eu\/?p=14694","url_meta":{"origin":15578,"position":0},"title":"10. Schkeuditzer Notfallsymposium-\u00a0Dienstag 23.11.2021, 19:30 Uhr","author":"Michael Bernhard","date":"November 22, 2021","format":false,"excerpt":"10. Schkeuditzer Notfallsymposium-\u00a0Dienstag 23. November 2021, 19:30 Uhr Die Punkte f\u00fcr die Fortbildung der \u00e4rztlichen Kollegen sind beantragt, die Rettungsdienstler bekommen selbstverst\u00e4ndlich die Zeitgutschrift auf die j\u00e4hrliche RDF. Bitte melden Sie sich kurz per Mail unter kerstin.walzer@helios-gesundheit.de (mit Angabe Ihrer vollst\u00e4ndigen Wohnanschrift), wenn Sie online an der Veranstaltung teilnehmen und\u2026","rel":"","context":"In &quot;Veranstaltungshinweis&quot;","block_context":{"text":"Veranstaltungshinweis","link":"http:\/\/news-papers.eu\/?cat=30"},"img":{"alt_text":"","src":"https:\/\/i0.wp.com\/news-papers.eu\/wp-content\/uploads\/2021\/11\/Bildschirmfoto-2021-11-20-um-12.50.35-e1637409048848.png?fit=700%2C498&resize=350%2C200","width":350,"height":200,"srcset":"https:\/\/i0.wp.com\/news-papers.eu\/wp-content\/uploads\/2021\/11\/Bildschirmfoto-2021-11-20-um-12.50.35-e1637409048848.png?fit=700%2C498&resize=350%2C200 1x, https:\/\/i0.wp.com\/news-papers.eu\/wp-content\/uploads\/2021\/11\/Bildschirmfoto-2021-11-20-um-12.50.35-e1637409048848.png?fit=700%2C498&resize=525%2C300 1.5x, https:\/\/i0.wp.com\/news-papers.eu\/wp-content\/uploads\/2021\/11\/Bildschirmfoto-2021-11-20-um-12.50.35-e1637409048848.png?fit=700%2C498&resize=700%2C400 2x"},"classes":[]},{"id":16193,"url":"http:\/\/news-papers.eu\/?p=16193","url_meta":{"origin":15578,"position":1},"title":"12. Schkeuditzer Notfallsymposium am 06.12.2022","author":"Michael Bernhard","date":"November 27, 2022","format":false,"excerpt":"Am 06.12.2022 findet das 12. Schkeuditzer Notfallsymposium statt. Details zum Programm und die M\u00f6glickeit zur Anmeldung finden sie hier: https:\/\/www.helios-gesundheit.de\/kliniken\/schkeuditz\/unser-haus\/veranstaltungen\/detail\/calendar\/2022\/12\/6\/event\/tx_cal_phpicalendar\/12-schkeuditzer-notfallsymposium\/?cHash=b59f4f874f866269569ecee8ad6f5802 Ein kurzer \u00dcberblick \u00fcber die Themen: 19:30 Uhr - Begr\u00fc\u00dfung 19:45-20:00 Uhr: Vorstellung der Schkeuditzer Notaufnahme\u00a0 20:00-20:45 Uhr: Leitsymptom Bewusstseinsst\u00f6rung\u00a0 20:45-21:15 Uhr: Larynxtubus vs Larynxmaske, was ist das bessere Tool\u2026","rel":"","context":"In &quot;Veranstaltungshinweis&quot;","block_context":{"text":"Veranstaltungshinweis","link":"http:\/\/news-papers.eu\/?cat=30"},"img":{"alt_text":"","src":"https:\/\/i0.wp.com\/news-papers.eu\/wp-content\/uploads\/2022\/11\/Bildschirm%C2%ADfoto-2022-11-21-um-21.26.44-e1669062420314-300x112.png?resize=350%2C200","width":350,"height":200,"srcset":"https:\/\/i0.wp.com\/news-papers.eu\/wp-content\/uploads\/2022\/11\/Bildschirm%C2%ADfoto-2022-11-21-um-21.26.44-e1669062420314-300x112.png?resize=350%2C200 1x, https:\/\/i0.wp.com\/news-papers.eu\/wp-content\/uploads\/2022\/11\/Bildschirm%C2%ADfoto-2022-11-21-um-21.26.44-e1669062420314-300x112.png?resize=525%2C300 1.5x, https:\/\/i0.wp.com\/news-papers.eu\/wp-content\/uploads\/2022\/11\/Bildschirm%C2%ADfoto-2022-11-21-um-21.26.44-e1669062420314-300x112.png?resize=700%2C400 2x"},"classes":[]},{"id":13281,"url":"http:\/\/news-papers.eu\/?p=13281","url_meta":{"origin":15578,"position":2},"title":"9. Schkeuditzer Notfallsymposium, 13.04.2021 &#8211; Ein Mehrg\u00e4ngemen\u00fc","author":"Michael Bernhard","date":"M\u00e4rz 25, 2021","format":false,"excerpt":"Informieren Sie sich \u00fcber diese Veranstaltung \u00fcber diesen Flyer: Schkeuditzer Notfallsymposium_2021","rel":"","context":"In &quot;Veranstaltungshinweis&quot;","block_context":{"text":"Veranstaltungshinweis","link":"http:\/\/news-papers.eu\/?cat=30"},"img":{"alt_text":"","src":"https:\/\/i0.wp.com\/news-papers.eu\/wp-content\/uploads\/2021\/03\/Bildschirmfoto-2021-03-05-um-21.22.18-e1614975768484.png?fit=500%2C436&resize=350%2C200","width":350,"height":200},"classes":[]},{"id":17290,"url":"http:\/\/news-papers.eu\/?p=17290","url_meta":{"origin":15578,"position":3},"title":"13. Schkeuditzer Notfallsymposium, 23.08.2023","author":"Michael Bernhard","date":"Juli 22, 2023","format":false,"excerpt":"Flyer: Handout_Flyer_entwurf_a5_notfallsymposium_hsk_helios 19:00 Uhr Begru\u0308\u00dfung\/Einleitung Martin Ku\u0308stenhoff, Notarzt\/Arzt in Weiterbildung fu\u0308r Ana\u0308sthesie, Helios Klinik Schkeuditz Franziska Meyer, Leitende Obera\u0308rztin Notaufnahme, Helios Klinik Schkeuditz Dr. med. Nicole Weitzel, Leitende Nota\u0308rztin der Rettungswache Schkeuditz und leitende Obera\u0308rztin der Intensivstation der Helios Klinik Schkeuditz, Facha\u0308rztin fu\u0308r Ana\u0308sthesie 19:15 Uhr Reisebericht \u201eWie funktioniert der\u2026","rel":"","context":"In &quot;Veranstaltungshinweis&quot;","block_context":{"text":"Veranstaltungshinweis","link":"http:\/\/news-papers.eu\/?cat=30"},"img":{"alt_text":"","src":"https:\/\/i0.wp.com\/news-papers.eu\/wp-content\/uploads\/2023\/07\/Bildschirmfoto-2023-07-21-um-17.35.58.png?fit=1200%2C748&resize=350%2C200","width":350,"height":200,"srcset":"https:\/\/i0.wp.com\/news-papers.eu\/wp-content\/uploads\/2023\/07\/Bildschirmfoto-2023-07-21-um-17.35.58.png?fit=1200%2C748&resize=350%2C200 1x, https:\/\/i0.wp.com\/news-papers.eu\/wp-content\/uploads\/2023\/07\/Bildschirmfoto-2023-07-21-um-17.35.58.png?fit=1200%2C748&resize=525%2C300 1.5x, https:\/\/i0.wp.com\/news-papers.eu\/wp-content\/uploads\/2023\/07\/Bildschirmfoto-2023-07-21-um-17.35.58.png?fit=1200%2C748&resize=700%2C400 2x, https:\/\/i0.wp.com\/news-papers.eu\/wp-content\/uploads\/2023\/07\/Bildschirmfoto-2023-07-21-um-17.35.58.png?fit=1200%2C748&resize=1050%2C600 3x"},"classes":[]},{"id":18597,"url":"http:\/\/news-papers.eu\/?p=18597","url_meta":{"origin":15578,"position":4},"title":"2. Notfallsymposium in der Gesundheitsregion Euregio &#8211; 26.10.2024","author":"Michael Bernhard","date":"September 24, 2024","format":false,"excerpt":"Herzlich Willkommen zu unserem 2. Notfallsymposium in der Gesundheitsregion Euregio! Nach dem gro\u00dfen Erfolg des ersten Notfallsymposiums in Osnabru\u0308ck, laden wir Sie diesmal in die ehem. Bergbaustadt Ibbenbu\u0308ren in die modernen R\u00e4umlichkeiten der Ibbenbu\u0308rener Volkszeitung im Stadtzentrum ein. Wir m\u00f6chten auch diesmal wieder ein breites Publikum aus und abseits der\u2026","rel":"","context":"In &quot;Veranstaltungshinweis&quot;","block_context":{"text":"Veranstaltungshinweis","link":"http:\/\/news-papers.eu\/?cat=30"},"img":{"alt_text":"","src":"https:\/\/i0.wp.com\/news-papers.eu\/wp-content\/uploads\/2024\/09\/Bildschirmfoto-2024-09-19-um-21.03.26.png?fit=709%2C1200&resize=350%2C200","width":350,"height":200,"srcset":"https:\/\/i0.wp.com\/news-papers.eu\/wp-content\/uploads\/2024\/09\/Bildschirmfoto-2024-09-19-um-21.03.26.png?fit=709%2C1200&resize=350%2C200 1x, https:\/\/i0.wp.com\/news-papers.eu\/wp-content\/uploads\/2024\/09\/Bildschirmfoto-2024-09-19-um-21.03.26.png?fit=709%2C1200&resize=525%2C300 1.5x, https:\/\/i0.wp.com\/news-papers.eu\/wp-content\/uploads\/2024\/09\/Bildschirmfoto-2024-09-19-um-21.03.26.png?fit=709%2C1200&resize=700%2C400 2x"},"classes":[]},{"id":17706,"url":"http:\/\/news-papers.eu\/?p=17706","url_meta":{"origin":15578,"position":5},"title":"Notfallsymposium 24.01.2024 in D\u00fcren","author":"Michael Bernhard","date":"Dezember 5, 2023","format":false,"excerpt":"Am 24.01.2024 findet das ersten Symposium zur Notfallmedizin des Krankenhauses D\u00fcren statt. Dieses Symposium stellt eine wichtige Gelegenheit dar, sich \u00fcber aktuelle Entwicklungen und bew\u00e4hrte Verfahren in der Notfallmedizin auszutauschen und neueste Erkenntnisse in diesem Bereich zu teilen. Datum: 24.01.2024 Uhrzeit: 17:00 Uhr Ort: Kongresszentrum des Krankenhauses D\u00fcren Das Symposium\u2026","rel":"","context":"In &quot;Veranstaltungshinweis&quot;","block_context":{"text":"Veranstaltungshinweis","link":"http:\/\/news-papers.eu\/?cat=30"},"img":{"alt_text":"","src":"https:\/\/i0.wp.com\/news-papers.eu\/wp-content\/uploads\/2023\/12\/Bildschirmfoto-2023-12-02-um-19.34.42.png?fit=751%2C1200&resize=350%2C200","width":350,"height":200,"srcset":"https:\/\/i0.wp.com\/news-papers.eu\/wp-content\/uploads\/2023\/12\/Bildschirmfoto-2023-12-02-um-19.34.42.png?fit=751%2C1200&resize=350%2C200 1x, https:\/\/i0.wp.com\/news-papers.eu\/wp-content\/uploads\/2023\/12\/Bildschirmfoto-2023-12-02-um-19.34.42.png?fit=751%2C1200&resize=525%2C300 1.5x, https:\/\/i0.wp.com\/news-papers.eu\/wp-content\/uploads\/2023\/12\/Bildschirmfoto-2023-12-02-um-19.34.42.png?fit=751%2C1200&resize=700%2C400 2x"},"classes":[]}],"jetpack_likes_enabled":true,"_links":{"self":[{"href":"http:\/\/news-papers.eu\/index.php?rest_route=\/wp\/v2\/posts\/15578","targetHints":{"allow":["GET"]}}],"collection":[{"href":"http:\/\/news-papers.eu\/index.php?rest_route=\/wp\/v2\/posts"}],"about":[{"href":"http:\/\/news-papers.eu\/index.php?rest_route=\/wp\/v2\/types\/post"}],"author":[{"embeddable":true,"href":"http:\/\/news-papers.eu\/index.php?rest_route=\/wp\/v2\/users\/2"}],"replies":[{"embeddable":true,"href":"http:\/\/news-papers.eu\/index.php?rest_route=%2Fwp%2Fv2%2Fcomments&post=15578"}],"version-history":[{"count":1,"href":"http:\/\/news-papers.eu\/index.php?rest_route=\/wp\/v2\/posts\/15578\/revisions"}],"predecessor-version":[{"id":15581,"href":"http:\/\/news-papers.eu\/index.php?rest_route=\/wp\/v2\/posts\/15578\/revisions\/15581"}],"wp:featuredmedia":[{"embeddable":true,"href":"http:\/\/news-papers.eu\/index.php?rest_route=\/wp\/v2\/media\/15582"}],"wp:attachment":[{"href":"http:\/\/news-papers.eu\/index.php?rest_route=%2Fwp%2Fv2%2Fmedia&parent=15578"}],"wp:term":[{"taxonomy":"category","embeddable":true,"href":"http:\/\/news-papers.eu\/index.php?rest_route=%2Fwp%2Fv2%2Fcategories&post=15578"},{"taxonomy":"post_tag","embeddable":true,"href":"http:\/\/news-papers.eu\/index.php?rest_route=%2Fwp%2Fv2%2Ftags&post=15578"}],"curies":[{"name":"wp","href":"https:\/\/api.w.org\/{rel}","templated":true}]}}