{"id":15357,"date":"2022-04-09T04:40:43","date_gmt":"2022-04-09T02:40:43","guid":{"rendered":"http:\/\/news-papers.eu\/?p=15357"},"modified":"2022-04-08T12:03:14","modified_gmt":"2022-04-08T10:03:14","slug":"notaufnahme-up2date-02-2022","status":"publish","type":"post","link":"http:\/\/news-papers.eu\/?p=15357","title":{"rendered":"Die neue &#8222;Notaufnahme up2date 02\/2022&#8220; ist da &#8230;"},"content":{"rendered":"<p style=\"text-align: justify\"><img data-recalc-dims=\"1\" loading=\"lazy\" decoding=\"async\" data-attachment-id=\"15359\" data-permalink=\"http:\/\/news-papers.eu\/?attachment_id=15359\" data-orig-file=\"https:\/\/i0.wp.com\/news-papers.eu\/wp-content\/uploads\/2022\/04\/10-1055-s-00043001_2022_02.jpg?fit=576%2C768\" data-orig-size=\"576,768\" data-comments-opened=\"1\" data-image-meta=\"{&quot;aperture&quot;:&quot;0&quot;,&quot;credit&quot;:&quot;&quot;,&quot;camera&quot;:&quot;&quot;,&quot;caption&quot;:&quot;&quot;,&quot;created_timestamp&quot;:&quot;0&quot;,&quot;copyright&quot;:&quot;&quot;,&quot;focal_length&quot;:&quot;0&quot;,&quot;iso&quot;:&quot;0&quot;,&quot;shutter_speed&quot;:&quot;0&quot;,&quot;title&quot;:&quot;&quot;,&quot;orientation&quot;:&quot;0&quot;}\" data-image-title=\"10-1055-s-00043001_2022_02\" data-image-description=\"\" data-image-caption=\"\" data-large-file=\"https:\/\/i0.wp.com\/news-papers.eu\/wp-content\/uploads\/2022\/04\/10-1055-s-00043001_2022_02.jpg?fit=576%2C768\" class=\"size-medium wp-image-15359 alignright\" src=\"https:\/\/i0.wp.com\/news-papers.eu\/wp-content\/uploads\/2022\/04\/10-1055-s-00043001_2022_02.jpg?resize=225%2C300\" alt=\"\" width=\"225\" height=\"300\" srcset=\"https:\/\/i0.wp.com\/news-papers.eu\/wp-content\/uploads\/2022\/04\/10-1055-s-00043001_2022_02.jpg?resize=225%2C300 225w, https:\/\/i0.wp.com\/news-papers.eu\/wp-content\/uploads\/2022\/04\/10-1055-s-00043001_2022_02.jpg?w=576 576w\" sizes=\"auto, (max-width: 225px) 100vw, 225px\" \/>In der neusten Ausgabe von <strong><a href=\"http:\/\/www.thieme.de\/notaufnahme-u2d\" target=\"_blank\" rel=\"noopener\">Notaufnahme up2date<\/a> 02\/2022<\/strong> finden Sie folgende Beitr\u00e4ge:<\/p>\n<blockquote><p><strong>Editorial <\/strong><br \/>\n<strong>Henke T et al. Elektromobilita\u0308t: Moderner Trend mit hohem Risiko. Notaufnahme up2date 2022; 4: 103-104<\/strong><\/p><\/blockquote>\n<div class=\"page\" title=\"Page 1\">\n<div class=\"section\">\n<div class=\"layoutArea\">\n<div class=\"column\">\n<p style=\"text-align: justify\">Die aktuellen Unfallstatistiken weisen eine kontinuierliche Zunahme von Personenscha\u0308den im Stra\u00dfenverkehr in Zusammenhang mit der popula\u0308r gewordenen E-Mobilita\u0308t auf. Fu\u0308r die Akut- und Notfallmedizin stellt das eine neue Entita\u0308t dar, denn allein bei Unfa\u0308llen mit E-Bikes (syn. Pedelecs) weist das Statistische Bundesamt fu\u0308r das Jahr 2020 insgesamt 137 to\u0308dliche Verletzungen aus und somit einen Zuwachs von 19,1% im Vergleich zu 2019. Im gleichen Zeitraum verunglu\u0308ckten 12,9% weniger Fahrrad- fahrer ohne Hilfsmotor. Erstaunlicherweise ist etwa die Ha\u0308lfte der Pedelec-Verkehrstoten a\u0308lter als 75 Jahre. Oftmals wu\u0308rden diese Verkehrsteilnehmer ohne die technische Unterstu\u0308tzung gar kein Fahrrad mehr fahren oder wa\u0308ren deutlich langsamer im Stra\u00dfenverkehr unterwegs. Hinzukommt, dass E-Bikes bauartbedingt (Akku, Motor, Motorsteuerung) schwerer als herko\u0308mmliche Fahrra\u0308der sind. Das Zusammenwirken von Masse und Beschleunigung in Kombination mit gesundheitlichen Einschra\u0308nkun- gen (z.B. altersbedingte Fehlsichtigkeit, Schwerho\u0308rigkeit, reduzierte Beweglichkeit, nachlassende Reaktionsfa\u0308higkeit) sind ha\u0308ufig unfallursa\u0308chlich und schicksalsbestimmend, wirken sie sich doch auf die Fahreignung und -tu\u0308chtigkeit aus. <strong>Lesen Sie das gesamte Editorial hier: <a href=\"http:\/\/news-papers.eu\/wp-content\/uploads\/2022\/04\/10.1055-a-1744-7988.pdf\">Elektromobilit\u00e4t<\/a><\/strong><\/p>\n<p>Lesen Sie doch einfach einmal in folgende Artikel aus de <a href=\"http:\/\/www.thieme.de\/notaufnahme-u2d\" target=\"_blank\" rel=\"noopener\"><strong>Notaufnahme up2date<\/strong><\/a> hinein:<\/p>\n<\/div>\n<\/div>\n<\/div>\n<\/div>\n<p><strong><em>CME-Fortbildung<\/em><\/strong><\/p>\n<blockquote><p><strong>Schacher S, Gr\u00e4ff I. \u00a0Ersteinsch\u00e4tzung in der Notaufnahme \u2013 mehr als nur eine Dringlichkeitsstufe! Notaufnahme up2date 2022; 4: 125-145<\/strong><\/p><\/blockquote>\n<p><img data-recalc-dims=\"1\" loading=\"lazy\" decoding=\"async\" data-attachment-id=\"15365\" data-permalink=\"http:\/\/news-papers.eu\/?attachment_id=15365\" data-orig-file=\"https:\/\/i0.wp.com\/news-papers.eu\/wp-content\/uploads\/2022\/04\/Bildschirmfoto-2022-04-07-um-21.48.40.png?fit=1460%2C672\" data-orig-size=\"1460,672\" data-comments-opened=\"1\" data-image-meta=\"{&quot;aperture&quot;:&quot;0&quot;,&quot;credit&quot;:&quot;&quot;,&quot;camera&quot;:&quot;&quot;,&quot;caption&quot;:&quot;&quot;,&quot;created_timestamp&quot;:&quot;0&quot;,&quot;copyright&quot;:&quot;&quot;,&quot;focal_length&quot;:&quot;0&quot;,&quot;iso&quot;:&quot;0&quot;,&quot;shutter_speed&quot;:&quot;0&quot;,&quot;title&quot;:&quot;&quot;,&quot;orientation&quot;:&quot;0&quot;}\" data-image-title=\"Bildschirmfoto 2022-04-07 um 21.48.40\" data-image-description=\"\" data-image-caption=\"\" data-large-file=\"https:\/\/i0.wp.com\/news-papers.eu\/wp-content\/uploads\/2022\/04\/Bildschirmfoto-2022-04-07-um-21.48.40.png?fit=1024%2C471\" class=\"alignnone wp-image-15365\" src=\"https:\/\/i0.wp.com\/news-papers.eu\/wp-content\/uploads\/2022\/04\/Bildschirmfoto-2022-04-07-um-21.48.40.png?resize=752%2C346\" alt=\"\" width=\"752\" height=\"346\" srcset=\"https:\/\/i0.wp.com\/news-papers.eu\/wp-content\/uploads\/2022\/04\/Bildschirmfoto-2022-04-07-um-21.48.40.png?resize=300%2C138 300w, https:\/\/i0.wp.com\/news-papers.eu\/wp-content\/uploads\/2022\/04\/Bildschirmfoto-2022-04-07-um-21.48.40.png?resize=1024%2C471 1024w, https:\/\/i0.wp.com\/news-papers.eu\/wp-content\/uploads\/2022\/04\/Bildschirmfoto-2022-04-07-um-21.48.40.png?resize=768%2C353 768w, https:\/\/i0.wp.com\/news-papers.eu\/wp-content\/uploads\/2022\/04\/Bildschirmfoto-2022-04-07-um-21.48.40.png?resize=750%2C345 750w, https:\/\/i0.wp.com\/news-papers.eu\/wp-content\/uploads\/2022\/04\/Bildschirmfoto-2022-04-07-um-21.48.40.png?w=1460 1460w\" sizes=\"auto, (max-width: 752px) 100vw, 752px\" \/><\/p>\n<p><strong>PDF: <a href=\"http:\/\/news-papers.eu\/wp-content\/uploads\/2022\/04\/1_CME_Ersteinschaetzung-1.pdf\">1_CME_Ersteinsch\u00e4tzung<\/a><\/strong><\/p>\n<blockquote><p><strong>Kaufmann J, Eifinger F. Update Kinderreanimation \u2013 Neue ERC-Leitlinie. Notaufnahme up2date 2022; 4: 149-162<\/strong><\/p><\/blockquote>\n<p><img data-recalc-dims=\"1\" loading=\"lazy\" decoding=\"async\" data-attachment-id=\"15366\" data-permalink=\"http:\/\/news-papers.eu\/?attachment_id=15366\" data-orig-file=\"https:\/\/i0.wp.com\/news-papers.eu\/wp-content\/uploads\/2022\/04\/Bildschirmfoto-2022-04-07-um-21.49.28.png?fit=1454%2C722\" data-orig-size=\"1454,722\" data-comments-opened=\"1\" data-image-meta=\"{&quot;aperture&quot;:&quot;0&quot;,&quot;credit&quot;:&quot;&quot;,&quot;camera&quot;:&quot;&quot;,&quot;caption&quot;:&quot;&quot;,&quot;created_timestamp&quot;:&quot;0&quot;,&quot;copyright&quot;:&quot;&quot;,&quot;focal_length&quot;:&quot;0&quot;,&quot;iso&quot;:&quot;0&quot;,&quot;shutter_speed&quot;:&quot;0&quot;,&quot;title&quot;:&quot;&quot;,&quot;orientation&quot;:&quot;0&quot;}\" data-image-title=\"Bildschirmfoto 2022-04-07 um 21.49.28\" data-image-description=\"\" data-image-caption=\"\" data-large-file=\"https:\/\/i0.wp.com\/news-papers.eu\/wp-content\/uploads\/2022\/04\/Bildschirmfoto-2022-04-07-um-21.49.28.png?fit=1024%2C508\" class=\"alignnone wp-image-15366\" src=\"https:\/\/i0.wp.com\/news-papers.eu\/wp-content\/uploads\/2022\/04\/Bildschirmfoto-2022-04-07-um-21.49.28.png?resize=747%2C371\" alt=\"\" width=\"747\" height=\"371\" srcset=\"https:\/\/i0.wp.com\/news-papers.eu\/wp-content\/uploads\/2022\/04\/Bildschirmfoto-2022-04-07-um-21.49.28.png?resize=300%2C149 300w, https:\/\/i0.wp.com\/news-papers.eu\/wp-content\/uploads\/2022\/04\/Bildschirmfoto-2022-04-07-um-21.49.28.png?resize=1024%2C508 1024w, https:\/\/i0.wp.com\/news-papers.eu\/wp-content\/uploads\/2022\/04\/Bildschirmfoto-2022-04-07-um-21.49.28.png?resize=768%2C381 768w, https:\/\/i0.wp.com\/news-papers.eu\/wp-content\/uploads\/2022\/04\/Bildschirmfoto-2022-04-07-um-21.49.28.png?resize=750%2C372 750w, https:\/\/i0.wp.com\/news-papers.eu\/wp-content\/uploads\/2022\/04\/Bildschirmfoto-2022-04-07-um-21.49.28.png?w=1454 1454w\" sizes=\"auto, (max-width: 747px) 100vw, 747px\" \/><\/p>\n<p><strong>PDF: <a href=\"http:\/\/news-papers.eu\/wp-content\/uploads\/2022\/04\/2_CME_Kinder-Reanimation.pdf\">2_CME_Kinder-Reanimation<\/a><\/strong><\/p>\n<blockquote><p><strong>Meyknecht B, Pieske O. Strom- und Elektrounf\u00e4lle \u2013 Harmlose Verletzung oder lebensbedrohliche Situation? Notaufnahme up2date 2022; 4: 165-183<\/strong><\/p><\/blockquote>\n<p><img data-recalc-dims=\"1\" loading=\"lazy\" decoding=\"async\" data-attachment-id=\"15367\" data-permalink=\"http:\/\/news-papers.eu\/?attachment_id=15367\" data-orig-file=\"https:\/\/i0.wp.com\/news-papers.eu\/wp-content\/uploads\/2022\/04\/Bildschirmfoto-2022-04-07-um-21.51.38.png?fit=1446%2C728\" data-orig-size=\"1446,728\" data-comments-opened=\"1\" data-image-meta=\"{&quot;aperture&quot;:&quot;0&quot;,&quot;credit&quot;:&quot;&quot;,&quot;camera&quot;:&quot;&quot;,&quot;caption&quot;:&quot;&quot;,&quot;created_timestamp&quot;:&quot;0&quot;,&quot;copyright&quot;:&quot;&quot;,&quot;focal_length&quot;:&quot;0&quot;,&quot;iso&quot;:&quot;0&quot;,&quot;shutter_speed&quot;:&quot;0&quot;,&quot;title&quot;:&quot;&quot;,&quot;orientation&quot;:&quot;0&quot;}\" data-image-title=\"Bildschirmfoto 2022-04-07 um 21.51.38\" data-image-description=\"\" data-image-caption=\"\" data-large-file=\"https:\/\/i0.wp.com\/news-papers.eu\/wp-content\/uploads\/2022\/04\/Bildschirmfoto-2022-04-07-um-21.51.38.png?fit=1024%2C516\" class=\"alignnone wp-image-15367\" src=\"https:\/\/i0.wp.com\/news-papers.eu\/wp-content\/uploads\/2022\/04\/Bildschirmfoto-2022-04-07-um-21.51.38.png?resize=757%2C381\" alt=\"\" width=\"757\" height=\"381\" srcset=\"https:\/\/i0.wp.com\/news-papers.eu\/wp-content\/uploads\/2022\/04\/Bildschirmfoto-2022-04-07-um-21.51.38.png?resize=300%2C151 300w, https:\/\/i0.wp.com\/news-papers.eu\/wp-content\/uploads\/2022\/04\/Bildschirmfoto-2022-04-07-um-21.51.38.png?resize=1024%2C516 1024w, https:\/\/i0.wp.com\/news-papers.eu\/wp-content\/uploads\/2022\/04\/Bildschirmfoto-2022-04-07-um-21.51.38.png?resize=768%2C387 768w, https:\/\/i0.wp.com\/news-papers.eu\/wp-content\/uploads\/2022\/04\/Bildschirmfoto-2022-04-07-um-21.51.38.png?resize=750%2C378 750w, https:\/\/i0.wp.com\/news-papers.eu\/wp-content\/uploads\/2022\/04\/Bildschirmfoto-2022-04-07-um-21.51.38.png?w=1446 1446w\" sizes=\"auto, (max-width: 757px) 100vw, 757px\" \/><\/p>\n<p><strong>PDF: <a href=\"http:\/\/news-papers.eu\/wp-content\/uploads\/2022\/04\/3_CME_Stromunfall.pdf\">3_CME_Stromunfall<\/a><\/strong><\/p>\n<blockquote><p><strong>Schmitz C, Kumle B, Hossfeld B \u2013 Analgesie und Sedierung in der Notaufnahme. Notaufnahme up2date 2022; 4: 185-200<\/strong><\/p><\/blockquote>\n<p><img data-recalc-dims=\"1\" loading=\"lazy\" decoding=\"async\" data-attachment-id=\"15369\" data-permalink=\"http:\/\/news-papers.eu\/?attachment_id=15369\" data-orig-file=\"https:\/\/i0.wp.com\/news-papers.eu\/wp-content\/uploads\/2022\/04\/Bildschirmfoto-2022-04-07-um-21.53.03.png?fit=1450%2C726\" data-orig-size=\"1450,726\" data-comments-opened=\"1\" data-image-meta=\"{&quot;aperture&quot;:&quot;0&quot;,&quot;credit&quot;:&quot;&quot;,&quot;camera&quot;:&quot;&quot;,&quot;caption&quot;:&quot;&quot;,&quot;created_timestamp&quot;:&quot;0&quot;,&quot;copyright&quot;:&quot;&quot;,&quot;focal_length&quot;:&quot;0&quot;,&quot;iso&quot;:&quot;0&quot;,&quot;shutter_speed&quot;:&quot;0&quot;,&quot;title&quot;:&quot;&quot;,&quot;orientation&quot;:&quot;0&quot;}\" data-image-title=\"Bildschirmfoto 2022-04-07 um 21.53.03\" data-image-description=\"\" data-image-caption=\"\" data-large-file=\"https:\/\/i0.wp.com\/news-papers.eu\/wp-content\/uploads\/2022\/04\/Bildschirmfoto-2022-04-07-um-21.53.03.png?fit=1024%2C513\" class=\"alignnone wp-image-15369\" src=\"https:\/\/i0.wp.com\/news-papers.eu\/wp-content\/uploads\/2022\/04\/Bildschirmfoto-2022-04-07-um-21.53.03.png?resize=748%2C374\" alt=\"\" width=\"748\" height=\"374\" srcset=\"https:\/\/i0.wp.com\/news-papers.eu\/wp-content\/uploads\/2022\/04\/Bildschirmfoto-2022-04-07-um-21.53.03.png?resize=300%2C150 300w, https:\/\/i0.wp.com\/news-papers.eu\/wp-content\/uploads\/2022\/04\/Bildschirmfoto-2022-04-07-um-21.53.03.png?resize=1024%2C513 1024w, https:\/\/i0.wp.com\/news-papers.eu\/wp-content\/uploads\/2022\/04\/Bildschirmfoto-2022-04-07-um-21.53.03.png?resize=768%2C385 768w, https:\/\/i0.wp.com\/news-papers.eu\/wp-content\/uploads\/2022\/04\/Bildschirmfoto-2022-04-07-um-21.53.03.png?resize=750%2C376 750w, https:\/\/i0.wp.com\/news-papers.eu\/wp-content\/uploads\/2022\/04\/Bildschirmfoto-2022-04-07-um-21.53.03.png?w=1450 1450w\" sizes=\"auto, (max-width: 748px) 100vw, 748px\" \/><\/p>\n<p><strong>PDF: <a href=\"http:\/\/news-papers.eu\/wp-content\/uploads\/2022\/04\/4_CME_Analgesie-1.pdf\">4_CME_Analgesie<\/a><\/strong><\/p>\n<p><strong><em>Leitlinie kompakt: Fokus Notaufnahme<\/em><\/strong><\/p>\n<ul>\n<li>B\u00f6hm L, Fandler M. Diagnostik und Therapie der Malaria<\/li>\n<\/ul>\n<p><strong><em>SOP \/ Arbeitsabl\u00e4ufe<\/em><\/strong><\/p>\n<ul>\n<li>Lippay K, Becker C. Rhabdomyolyse<\/li>\n<\/ul>\n<p><strong><em>Schritt f\u00fcr Schritt<\/em><\/strong><\/p>\n<ul>\n<li>Wolf J-N, Neubert C, Schick B. Nasentamponade einlegen<\/li>\n<\/ul>\n","protected":false},"excerpt":{"rendered":"<p>In der neusten Ausgabe von Notaufnahme up2date 02\/2022 finden Sie folgende Beitr\u00e4ge: Editorial Henke T et al. Elektromobilita\u0308t: Moderner Trend mit hohem Risiko. Notaufnahme up2date 2022; 4: 103-104 Die aktuellen [&hellip;]<\/p>\n","protected":false},"author":2,"featured_media":15359,"comment_status":"open","ping_status":"open","sticky":false,"template":"","format":"standard","meta":{"__cvm_playback_settings":[],"__cvm_video_id":"","jetpack_post_was_ever_published":false,"_jetpack_newsletter_access":"","_jetpack_dont_email_post_to_subs":false,"_jetpack_newsletter_tier_id":0,"_jetpack_memberships_contains_paywalled_content":false,"_jetpack_memberships_contains_paid_content":false,"footnotes":"","jetpack_publicize_message":"","jetpack_publicize_feature_enabled":true,"jetpack_social_post_already_shared":true,"jetpack_social_options":{"image_generator_settings":{"template":"highway","default_image_id":0,"font":"","enabled":false},"version":2},"_wpas_customize_per_network":false},"categories":[10],"tags":[1741],"class_list":["post-15357","post","type-post","status-publish","format-standard","has-post-thumbnail","hentry","category-zentrale-interdisziplinaere-notaufnahme","tag-notaufnahme-up2date"],"jetpack_publicize_connections":[],"jetpack_featured_media_url":"https:\/\/i0.wp.com\/news-papers.eu\/wp-content\/uploads\/2022\/04\/10-1055-s-00043001_2022_02.jpg?fit=576%2C768","jetpack_sharing_enabled":true,"jetpack_shortlink":"https:\/\/wp.me\/p7fR2g-3ZH","jetpack-related-posts":[{"id":10254,"url":"http:\/\/news-papers.eu\/?p=10254","url_meta":{"origin":15357,"position":0},"title":"Notaufnahme up2date: Neu in der up2date Reihe &#8230;","author":"Michael Bernhard","date":"September 29, 2019","format":false,"excerpt":"Die Notaufnahme up2date ist eine neue notfallmedizinische Zeitschrift im Thieme Verlag mit besonderem Fokus auf die Zentrale Notaufnahme. Hier geht es zu einem Blick hinein in die neue Notaufnahmeup2date: hier\u00a0bl\u00e4ttern Sie doch einfach mal durch! 100% Notaufnahme:\u00a0Viele Patienten, wenig Zeit, blitzschnell notfallmedizinisches Fachwissen abrufen. Dabei stets den \u00dcberblick behalten und\u2026","rel":"","context":"In &quot;www - Netzressource&quot;","block_context":{"text":"www - Netzressource","link":"http:\/\/news-papers.eu\/?cat=368"},"img":{"alt_text":"","src":"https:\/\/i0.wp.com\/news-papers.eu\/wp-content\/uploads\/2019\/09\/Bildschirmfoto-2019-09-18-um-19.47.04-226x300.png?resize=350%2C200","width":350,"height":200},"classes":[]},{"id":15002,"url":"http:\/\/news-papers.eu\/?p=15002","url_meta":{"origin":15357,"position":1},"title":"Die neue Notaufnahme up2date ist da &#8230; 01\/2022","author":"Michael Bernhard","date":"Januar 19, 2022","format":false,"excerpt":"In der aktuellen Ausgabe von Notaufnahme up2date 01\/2022\u00a0und damit den 4. Jahrgang dieser Fachzeitschrift (www.thieme.de\/notaufnahme-u2d) sind folgende Artikel enthalten: Editorial\u00a0 Leitlinie kompakt: Akute Herzinsuffizienz SOP Rauchgasinhalation Schritt f\u00fcr Schritt Anlage und Anpassen einer NIV-Maske Das Editorial besch\u00e4ftigt sich mit der Ausbildung in der Pflege: Editorial_1-22 In der Fachzeitschrift Notaufnahme up2date\u2026","rel":"","context":"In &quot;Notaufnahme&quot;","block_context":{"text":"Notaufnahme","link":"http:\/\/news-papers.eu\/?cat=2083"},"img":{"alt_text":"","src":"https:\/\/i0.wp.com\/news-papers.eu\/wp-content\/uploads\/2022\/01\/Cover_2022_01.jpg?fit=576%2C768&resize=350%2C200","width":350,"height":200,"srcset":"https:\/\/i0.wp.com\/news-papers.eu\/wp-content\/uploads\/2022\/01\/Cover_2022_01.jpg?fit=576%2C768&resize=350%2C200 1x, https:\/\/i0.wp.com\/news-papers.eu\/wp-content\/uploads\/2022\/01\/Cover_2022_01.jpg?fit=576%2C768&resize=525%2C300 1.5x"},"classes":[]},{"id":11814,"url":"http:\/\/news-papers.eu\/?p=11814","url_meta":{"origin":15357,"position":2},"title":"Die neue &#8222;Notaufnahme up2date&#8220; ist da: 03\/2020","author":"Michael Bernhard","date":"Juli 25, 2020","format":false,"excerpt":"Die Ausgabe der Notaufnahme up2date 03\/2020 ist erschienen: Begleitet wird die Ausgabe von einem Editorial zu COVID 19: Schacher S et al. COVID-19 in der Notaufnahme - Die Metaebene. Notaufnahme up2date 2020, 2: 198-199 (PDF) Als Themen sind dieses mal mit beinhaltet: Studienreferate Sofortiger Herzkatheter nach Reanimation nur bei STEMI\u2026","rel":"","context":"In &quot;Zentrale interdisziplin\u00e4re Notaufnahme&quot;","block_context":{"text":"Zentrale interdisziplin\u00e4re Notaufnahme","link":"http:\/\/news-papers.eu\/?cat=10"},"img":{"alt_text":"Notaufnahme up2date","src":"https:\/\/i0.wp.com\/news-papers.eu\/wp-content\/uploads\/2020\/07\/Bildschirmfoto-2020-07-24-um-09.17.23-221x300.png?resize=350%2C200","width":350,"height":200},"classes":[]},{"id":14541,"url":"http:\/\/news-papers.eu\/?p=14541","url_meta":{"origin":15357,"position":3},"title":"Die neuste Ausgabe von NOTAUFNAHME up2date ist da &#8230;","author":"Michael Bernhard","date":"Oktober 19, 2021","format":false,"excerpt":"In der aktuellen Ausgabe von Notaufnahme up2date 04\/2021, und damit dem abgeschlossenen 3. Jahrgang dieser Fachzeitschrift, sind folgende Artikel enthalten: Entz\u00fcndliche Herzerkrankungen in der Notaufnahme \u2013 Endokarditis, Myokarditis, Perikarditis Elektrolytst\u00f6rungen in der Notaufnahme Vom Leitsymptom zur Diagnose \u2013 Schmerzen im Bein Infusionstherapie in der Notaufnahme Leitlinie kompakt: Fokus Notaufnahme \u2013\u2026","rel":"","context":"In &quot;Notaufnahme&quot;","block_context":{"text":"Notaufnahme","link":"http:\/\/news-papers.eu\/?cat=2083"},"img":{"alt_text":"","src":"https:\/\/i0.wp.com\/news-papers.eu\/wp-content\/uploads\/2021\/10\/Bildschirmfoto-2021-10-16-um-11.17.37-e1634372284911.png?fit=400%2C530&resize=350%2C200","width":350,"height":200},"classes":[]},{"id":19115,"url":"http:\/\/news-papers.eu\/?p=19115","url_meta":{"origin":15357,"position":4},"title":"Die neue Ausgabe der Notaufnahme up2date ist draussen: 01\/2025","author":"Michael Bernhard","date":"Januar 27, 2025","format":false,"excerpt":"In der neuen Ausgabe der Notaufnahme up2date 01\/2025 finden Sie die folgenden Beitr\u00e4ge: CME-Fortbildung: Langewand S, Rall M, Hegi L. M\u00f6glichkeit und Grenzen von Debriefing in der Zentralen Notaufnahme. 1_CME_Langewand_Debriefing Bremer S, Burst V. Arterielle Hypertonie in der Notaufnahme. 2_CME_Bremer_Hypertonie von S\u00fc\u00dfkind-Schwendi J. Urologische Notf\u00e4lle: Symptome, Diagnostik und Therapie. 3_CME_Suesskind_Urologie\u2026","rel":"","context":"In &quot;Notaufnahme&quot;","block_context":{"text":"Notaufnahme","link":"http:\/\/news-papers.eu\/?cat=2083"},"img":{"alt_text":"","src":"https:\/\/i0.wp.com\/news-papers.eu\/wp-content\/uploads\/2025\/01\/Cover_Notaufnahmeu2d_1-25.jpg?fit=576%2C768&resize=350%2C200","width":350,"height":200,"srcset":"https:\/\/i0.wp.com\/news-papers.eu\/wp-content\/uploads\/2025\/01\/Cover_Notaufnahmeu2d_1-25.jpg?fit=576%2C768&resize=350%2C200 1x, https:\/\/i0.wp.com\/news-papers.eu\/wp-content\/uploads\/2025\/01\/Cover_Notaufnahmeu2d_1-25.jpg?fit=576%2C768&resize=525%2C300 1.5x"},"classes":[]},{"id":20703,"url":"http:\/\/news-papers.eu\/?p=20703","url_meta":{"origin":15357,"position":5},"title":"Notaufnahme up2date: Aktuelle Ausgabe ist im Briefkasten","author":"Michael Bernhard","date":"April 24, 2026","format":false,"excerpt":"Das neue Heft Notaufnahme up2date wird druckfrisch in die Briefk\u00e4sten versendet. Was haben Sie jetzt darin zu erwarten? Hier eine \u00dcbersicht zu den Einzelbeitr\u00e4gen: CME-Fortbildung Huber C, Grehn C, Richter C et al. Pr\u00e4hospitales und fr\u00fches innerklinisches Management des isch\u00e4mischen Schlaganfalls. 01_CME_Huber_Schlaganfall Bentele M, Seibel A, Fundel B et al.\u2026","rel":"","context":"In &quot;Notaufnahme&quot;","block_context":{"text":"Notaufnahme","link":"http:\/\/news-papers.eu\/?cat=2083"},"img":{"alt_text":"","src":"https:\/\/i0.wp.com\/news-papers.eu\/wp-content\/uploads\/2026\/04\/Cover_2-26.jpg?fit=576%2C768&resize=350%2C200","width":350,"height":200,"srcset":"https:\/\/i0.wp.com\/news-papers.eu\/wp-content\/uploads\/2026\/04\/Cover_2-26.jpg?fit=576%2C768&resize=350%2C200 1x, https:\/\/i0.wp.com\/news-papers.eu\/wp-content\/uploads\/2026\/04\/Cover_2-26.jpg?fit=576%2C768&resize=525%2C300 1.5x"},"classes":[]}],"jetpack_likes_enabled":true,"_links":{"self":[{"href":"http:\/\/news-papers.eu\/index.php?rest_route=\/wp\/v2\/posts\/15357","targetHints":{"allow":["GET"]}}],"collection":[{"href":"http:\/\/news-papers.eu\/index.php?rest_route=\/wp\/v2\/posts"}],"about":[{"href":"http:\/\/news-papers.eu\/index.php?rest_route=\/wp\/v2\/types\/post"}],"author":[{"embeddable":true,"href":"http:\/\/news-papers.eu\/index.php?rest_route=\/wp\/v2\/users\/2"}],"replies":[{"embeddable":true,"href":"http:\/\/news-papers.eu\/index.php?rest_route=%2Fwp%2Fv2%2Fcomments&post=15357"}],"version-history":[{"count":4,"href":"http:\/\/news-papers.eu\/index.php?rest_route=\/wp\/v2\/posts\/15357\/revisions"}],"predecessor-version":[{"id":15373,"href":"http:\/\/news-papers.eu\/index.php?rest_route=\/wp\/v2\/posts\/15357\/revisions\/15373"}],"wp:featuredmedia":[{"embeddable":true,"href":"http:\/\/news-papers.eu\/index.php?rest_route=\/wp\/v2\/media\/15359"}],"wp:attachment":[{"href":"http:\/\/news-papers.eu\/index.php?rest_route=%2Fwp%2Fv2%2Fmedia&parent=15357"}],"wp:term":[{"taxonomy":"category","embeddable":true,"href":"http:\/\/news-papers.eu\/index.php?rest_route=%2Fwp%2Fv2%2Fcategories&post=15357"},{"taxonomy":"post_tag","embeddable":true,"href":"http:\/\/news-papers.eu\/index.php?rest_route=%2Fwp%2Fv2%2Ftags&post=15357"}],"curies":[{"name":"wp","href":"https:\/\/api.w.org\/{rel}","templated":true}]}}