{"id":15284,"date":"2022-03-27T21:43:59","date_gmt":"2022-03-27T19:43:59","guid":{"rendered":"http:\/\/news-papers.eu\/?p=15284"},"modified":"2022-03-27T15:01:20","modified_gmt":"2022-03-27T13:01:20","slug":"15284","status":"publish","type":"post","link":"http:\/\/news-papers.eu\/?p=15284","title":{"rendered":"Umstellung auf Sommerzeit: Einfluss auf das Trauma"},"content":{"rendered":"<p class=\"title hypothesis_container\" style=\"text-align: justify\"><img data-recalc-dims=\"1\" loading=\"lazy\" decoding=\"async\" data-attachment-id=\"14566\" data-permalink=\"http:\/\/news-papers.eu\/?attachment_id=14566\" data-orig-file=\"https:\/\/i0.wp.com\/news-papers.eu\/wp-content\/uploads\/2021\/10\/211014_Heckmann_Ulm_Uhr_Christoph_22_0214-scaled.jpg?fit=2560%2C1884\" data-orig-size=\"2560,1884\" data-comments-opened=\"1\" data-image-meta=\"{&quot;aperture&quot;:&quot;2.8&quot;,&quot;credit&quot;:&quot;&quot;,&quot;camera&quot;:&quot;NIKON D780&quot;,&quot;caption&quot;:&quot;&quot;,&quot;created_timestamp&quot;:&quot;1634205651&quot;,&quot;copyright&quot;:&quot;&quot;,&quot;focal_length&quot;:&quot;62&quot;,&quot;iso&quot;:&quot;400&quot;,&quot;shutter_speed&quot;:&quot;0.0025&quot;,&quot;title&quot;:&quot;&quot;,&quot;orientation&quot;:&quot;1&quot;}\" data-image-title=\"211014_Heckmann_Ulm_Uhr_Christoph_22_0214\" data-image-description=\"\" data-image-caption=\"\" data-large-file=\"https:\/\/i0.wp.com\/news-papers.eu\/wp-content\/uploads\/2021\/10\/211014_Heckmann_Ulm_Uhr_Christoph_22_0214-scaled.jpg?fit=1024%2C753\" class=\"size-medium wp-image-14566 alignright\" src=\"https:\/\/i0.wp.com\/news-papers.eu\/wp-content\/uploads\/2021\/10\/211014_Heckmann_Ulm_Uhr_Christoph_22_0214.jpg?resize=300%2C221\" alt=\"\" width=\"300\" height=\"221\" srcset=\"https:\/\/i0.wp.com\/news-papers.eu\/wp-content\/uploads\/2021\/10\/211014_Heckmann_Ulm_Uhr_Christoph_22_0214-scaled.jpg?resize=300%2C221 300w, https:\/\/i0.wp.com\/news-papers.eu\/wp-content\/uploads\/2021\/10\/211014_Heckmann_Ulm_Uhr_Christoph_22_0214-scaled.jpg?resize=1024%2C753 1024w, https:\/\/i0.wp.com\/news-papers.eu\/wp-content\/uploads\/2021\/10\/211014_Heckmann_Ulm_Uhr_Christoph_22_0214-scaled.jpg?resize=768%2C565 768w, https:\/\/i0.wp.com\/news-papers.eu\/wp-content\/uploads\/2021\/10\/211014_Heckmann_Ulm_Uhr_Christoph_22_0214-scaled.jpg?resize=1536%2C1130 1536w, https:\/\/i0.wp.com\/news-papers.eu\/wp-content\/uploads\/2021\/10\/211014_Heckmann_Ulm_Uhr_Christoph_22_0214-scaled.jpg?resize=2048%2C1507 2048w, https:\/\/i0.wp.com\/news-papers.eu\/wp-content\/uploads\/2021\/10\/211014_Heckmann_Ulm_Uhr_Christoph_22_0214-scaled.jpg?resize=750%2C552 750w, https:\/\/i0.wp.com\/news-papers.eu\/wp-content\/uploads\/2021\/10\/211014_Heckmann_Ulm_Uhr_Christoph_22_0214-scaled.jpg?w=2340 2340w\" sizes=\"auto, (max-width: 300px) 100vw, 300px\" \/>Weltweit haben etwa 73 L\u00e4nder die Sommerzeit eingef\u00fchrt, d. h. sie stellen ihre Uhren im Fr\u00fchjahr vor und im Herbst zur\u00fcck. Der Hauptzweck dieser Praxis besteht darin, Strom zu sparen. Ziel der vorliegenden Studie war es, herauszufinden, wie sich die Sommerzeit auf die H\u00e4ufigkeit und die Auswirkungen von Schwerverletzten auswirkt.<\/p>\n<blockquote>\n<p class=\"title hypothesis_container\"><strong>Nohl A et al. Impact of DST (Daylight Saving Time) on Major Trauma: A European Cohort Study. <em>Int. J. Environ. Res. Public Health<\/em> <b>2021<\/b>, <em>18<\/em>(24), 13322; <a href=\"https:\/\/doi.org\/10.3390\/ijerph182413322\">https:\/\/doi.org\/10.3390\/ijerph182413322<\/a> (<a href=\"https:\/\/www.mdpi.com\/1660-4601\/18\/24\/13322\/htm\" target=\"_blank\" rel=\"noopener\">PDF<\/a>)<\/strong><\/p>\n<\/blockquote>\n<p style=\"text-align: justify\"><strong>Methoden:<\/strong> In einer retrospektiven, multizentrischen Studie nutzten die Autoren die im TraumaRegister DGU\u00ae (TR-DGU) erfassten Daten zwischen 2003 und 2017 aus Deutschland, der Schweiz und \u00d6sterreich. Die Autoren verglichen die eingeschlossenen F\u00e4lle 1 Woche vor und nach dem DST.<\/p>\n<p style=\"text-align: justify\"><strong>Ergebnisse:<\/strong> Nach der Umstellung der Sommerzeit von der Normalzeit auf die Sommerzeit fanden wir eine erh\u00f6hte Unfallh\u00e4ufigkeit bei Motorradfahrern von bis zu 51,58 %. Das Ergebnis stimmt mit anderen Studien \u00fcberein.<\/p>\n<p style=\"text-align: justify\"><strong>Schlussfolgerung:<\/strong>\u00a0Die Schlussfolgerung der Autoren lautet:\u00a0In der Woche nach der Zeitumstellung (Fr\u00fchling) konnten wir im Vergleich zur Woche vor der Zeitumstellung 52% mehr Motorradunf\u00e4lle mit Verletzungen ISS \u22659 feststellen. Im Vergleich dazu wurden auf 10 Autobahnen mit automatischen Verkehrsz\u00e4hlern im April gegen\u00fcber M\u00e4rz nur 8,7% mehr Motorradfahrer registriert. Andere Studien zeigen einen negativen Einfluss der Zeitumstellung auf den Biorhythmus, sowie vermehrte Herzinfarkte, Verkehrs- und Arbeitsunf\u00e4lle.\u00a0Aufgrund des retrospektiven Designs erhebt unsere Studie keinen Anspruch auf Kausalit\u00e4t. Auch sind die Risiken f\u00fcr Motorradunf\u00e4lle multifaktoriell (Wetter, Tageslicht, Erfahrung, Alter, Geschwindigkeit, etc.). Die\u00a0Zeitumstellung scheint im M\u00e4rz einen Einfluss auf Verkehrsteilnehmer zu haben, so dass es zu vermehrten Motorradunf\u00e4llen mit schwer Verletzten kommen kann.<\/p>\n","protected":false},"excerpt":{"rendered":"<p>Weltweit haben etwa 73 L\u00e4nder die Sommerzeit eingef\u00fchrt, d. h. sie stellen ihre Uhren im Fr\u00fchjahr vor und im Herbst zur\u00fcck. Der Hauptzweck dieser Praxis besteht darin, Strom zu sparen. [&hellip;]<\/p>\n","protected":false},"author":2,"featured_media":14566,"comment_status":"open","ping_status":"open","sticky":false,"template":"","format":"standard","meta":{"__cvm_playback_settings":[],"__cvm_video_id":"","jetpack_post_was_ever_published":false,"_jetpack_newsletter_access":"","_jetpack_dont_email_post_to_subs":false,"_jetpack_newsletter_tier_id":0,"_jetpack_memberships_contains_paywalled_content":false,"_jetpack_memberships_contains_paid_content":false,"footnotes":"","jetpack_publicize_message":"","jetpack_publicize_feature_enabled":true,"jetpack_social_post_already_shared":true,"jetpack_social_options":{"image_generator_settings":{"template":"highway","default_image_id":0,"font":"","enabled":false},"version":2},"_wpas_customize_per_network":false},"categories":[6],"tags":[],"class_list":["post-15284","post","type-post","status-publish","format-standard","has-post-thumbnail","hentry","category-trauma"],"jetpack_publicize_connections":[],"jetpack_featured_media_url":"https:\/\/i0.wp.com\/news-papers.eu\/wp-content\/uploads\/2021\/10\/211014_Heckmann_Ulm_Uhr_Christoph_22_0214-scaled.jpg?fit=2560%2C1884","jetpack_sharing_enabled":true,"jetpack_shortlink":"https:\/\/wp.me\/s7fR2g-15284","jetpack-related-posts":[{"id":2014,"url":"http:\/\/news-papers.eu\/?p=2014","url_meta":{"origin":15284,"position":0},"title":"European Trauma Course","author":"Bj\u00f6rn Hossfeld","date":"Juli 16, 2016","format":false,"excerpt":"Internationale Kursformate haben in der Notfallmedizin zunehmend an Bedeutung gewonnen. Dies gilt auch und besonders in der Trauma-Versorgung. W\u00e4hrend ATLS auf einen verantwortlichen Arzt in der Traumaversorgung fokussiert, betrachtet der\u00a0European Trauma Course die Schockraumversorgung im Team. Im Herbst findet zum wiederholten Male am Bundeswehrkrankenhaus Ulm ein solcher European Trauma Course\u2026","rel":"","context":"In &quot;Trauma&quot;","block_context":{"text":"Trauma","link":"http:\/\/news-papers.eu\/?cat=6"},"img":{"alt_text":"European Trauma Course Ulm","src":"https:\/\/i0.wp.com\/news-papers.eu\/wp-content\/uploads\/2016\/07\/Bildschirmfoto-2016-07-11-um-08.03.10.png?fit=1160%2C724&resize=350%2C200","width":350,"height":200,"srcset":"https:\/\/i0.wp.com\/news-papers.eu\/wp-content\/uploads\/2016\/07\/Bildschirmfoto-2016-07-11-um-08.03.10.png?fit=1160%2C724&resize=350%2C200 1x, https:\/\/i0.wp.com\/news-papers.eu\/wp-content\/uploads\/2016\/07\/Bildschirmfoto-2016-07-11-um-08.03.10.png?fit=1160%2C724&resize=525%2C300 1.5x, https:\/\/i0.wp.com\/news-papers.eu\/wp-content\/uploads\/2016\/07\/Bildschirmfoto-2016-07-11-um-08.03.10.png?fit=1160%2C724&resize=700%2C400 2x, https:\/\/i0.wp.com\/news-papers.eu\/wp-content\/uploads\/2016\/07\/Bildschirmfoto-2016-07-11-um-08.03.10.png?fit=1160%2C724&resize=1050%2C600 3x"},"classes":[]},{"id":15668,"url":"http:\/\/news-papers.eu\/?p=15668","url_meta":{"origin":15284,"position":1},"title":"Infografiken zur Anaphylaxie by NERDfallmedizin.de","author":"Michael Bernhard","date":"Juli 8, 2022","format":false,"excerpt":"Nerdfallmedizin.de zeigt eine Infografiken zur Anaphylaxie und dies zur Sommerzeit: PDF: Infografik Anaphylaxie","rel":"","context":"In &quot;Allergie &amp; Anaphylaxie&quot;","block_context":{"text":"Allergie &amp; Anaphylaxie","link":"http:\/\/news-papers.eu\/?cat=95"},"img":{"alt_text":"","src":"https:\/\/i0.wp.com\/news-papers.eu\/wp-content\/uploads\/2022\/07\/Bildschirmfoto-2022-07-01-um-11.09.38.png?fit=1200%2C486&resize=350%2C200","width":350,"height":200,"srcset":"https:\/\/i0.wp.com\/news-papers.eu\/wp-content\/uploads\/2022\/07\/Bildschirmfoto-2022-07-01-um-11.09.38.png?fit=1200%2C486&resize=350%2C200 1x, https:\/\/i0.wp.com\/news-papers.eu\/wp-content\/uploads\/2022\/07\/Bildschirmfoto-2022-07-01-um-11.09.38.png?fit=1200%2C486&resize=525%2C300 1.5x, https:\/\/i0.wp.com\/news-papers.eu\/wp-content\/uploads\/2022\/07\/Bildschirmfoto-2022-07-01-um-11.09.38.png?fit=1200%2C486&resize=700%2C400 2x, https:\/\/i0.wp.com\/news-papers.eu\/wp-content\/uploads\/2022\/07\/Bildschirmfoto-2022-07-01-um-11.09.38.png?fit=1200%2C486&resize=1050%2C600 3x"},"classes":[]},{"id":9328,"url":"http:\/\/news-papers.eu\/?p=9328","url_meta":{"origin":15284,"position":2},"title":"Bringt der Einsatz eines RTH dem Trauma-Patienten einen \u00dcberlebensvorteil?","author":"Michael Bernhard","date":"Mai 7, 2019","format":false,"excerpt":"Ein Beitrag von PD Dr. Peter Hilbert-Carius (Halle\/Saale) und PD Dr. J\u00fcrgen Knapp (Bern\/Schweiz): Weinlich M et al. Competitive advantage gained from the use of helicopter emergency medical services (HEMS) for trauma patients: Evaluation of 1724 patients. Injury 2018. doi: 10.1016\/j.injury.2018.12.018. Alle in der Luftrettung t\u00e4tigen Kollegen und diejenigen, die\u2026","rel":"","context":"In &quot;Luftrettung&quot;","block_context":{"text":"Luftrettung","link":"http:\/\/news-papers.eu\/?cat=367"},"img":{"alt_text":"","src":"https:\/\/i0.wp.com\/news-papers.eu\/wp-content\/uploads\/2019\/05\/Hubi-300x225.jpg?resize=350%2C200","width":350,"height":200},"classes":[]},{"id":269,"url":"http:\/\/news-papers.eu\/?p=269","url_meta":{"origin":15284,"position":3},"title":"To scan or not ?","author":"Bj\u00f6rn Hossfeld","date":"Februar 19, 2016","format":false,"excerpt":"Wie halten Sie es mit der Bildgebung nach Trauma? \u201eImmer ist forensisch sicher\u201c, \u201eBei BG-Unf\u00e4llen geht\u2019s nicht ohne\u201c, \u201eAuf Wunsch des Patienten\u201c oder \u201eNur bei entsprechender Klinik\u201c ??? Kollegen aus M\u00fcnchen haben in der aktuellen Ausgabe von \"Der Unfallchirurg\" gemeinsam mit einem Juristen einen Fall beleuchtet, bei dem nach einem\u2026","rel":"","context":"In &quot;Trauma&quot;","block_context":{"text":"Trauma","link":"http:\/\/news-papers.eu\/?cat=6"},"img":{"alt_text":"","src":"https:\/\/i0.wp.com\/news-papers.eu\/wp-content\/uploads\/2016\/02\/Baumsturz-1.jpg?fit=500%2C793&resize=350%2C200","width":350,"height":200},"classes":[]},{"id":14600,"url":"http:\/\/news-papers.eu\/?p=14600","url_meta":{"origin":15284,"position":4},"title":"Versorgungsstrategie beim penetrierenden Trauma","author":"Michael Bernhard","date":"November 5, 2021","format":false,"excerpt":"Ein Beitrag von PD Dr. J\u00fcrgen Knapp, Bern\/Schweiz: Das penetrierende Trauma ist zwar in der zivilen Notfallmedizin in Europa selten, aber die Einsatzszenarien sind in solchen F\u00e4llen oft dramatisch und f\u00fcr das Team stressbehaftet. Daher lohnt es sich immer wieder einen Blick \u00fcber den Tellerrand zu werfen in die USA,\u2026","rel":"","context":"In &quot;Veranstaltungshinweis&quot;","block_context":{"text":"Veranstaltungshinweis","link":"http:\/\/news-papers.eu\/?cat=30"},"img":{"alt_text":"","src":"https:\/\/i0.wp.com\/news-papers.eu\/wp-content\/uploads\/2021\/11\/PenetrierendesTrauma-e1635752550485.png?fit=500%2C375&resize=350%2C200","width":350,"height":200},"classes":[]},{"id":5278,"url":"http:\/\/news-papers.eu\/?p=5278","url_meta":{"origin":15284,"position":5},"title":"Update Schockraummanagement bei Polytrauma","author":"Michael Bernhard","date":"September 19, 2017","format":false,"excerpt":"In einem aktuellen \u00dcbersichtsartikel im Deutschen \u00c4rzteblatt fassen Michael Frink et al. relevante Punkte zum Schockraummanagement zusammen: Frink M et al. Polytrauma und Schockraummanagement. Dtsch Arztebl Int 2017; 114: 497-50\u00a0(PDF) F\u00fcr Einsteiger in die Materie ist dieser Artikel ein absolutes MUSS, daher kurz die wesentlichen Kernaussagen aus dem Artikel: Diagnostik\u2026","rel":"","context":"In &quot;Trauma&quot;","block_context":{"text":"Trauma","link":"http:\/\/news-papers.eu\/?cat=6"},"img":{"alt_text":"","src":"https:\/\/i0.wp.com\/news-papers.eu\/wp-content\/uploads\/2017\/06\/LIFEMED2017-300x69.png?resize=350%2C200","width":350,"height":200,"srcset":"https:\/\/i0.wp.com\/news-papers.eu\/wp-content\/uploads\/2017\/06\/LIFEMED2017-300x69.png?resize=350%2C200 1x, https:\/\/i0.wp.com\/news-papers.eu\/wp-content\/uploads\/2017\/06\/LIFEMED2017-300x69.png?resize=525%2C300 1.5x, https:\/\/i0.wp.com\/news-papers.eu\/wp-content\/uploads\/2017\/06\/LIFEMED2017-300x69.png?resize=700%2C400 2x"},"classes":[]}],"jetpack_likes_enabled":true,"_links":{"self":[{"href":"http:\/\/news-papers.eu\/index.php?rest_route=\/wp\/v2\/posts\/15284","targetHints":{"allow":["GET"]}}],"collection":[{"href":"http:\/\/news-papers.eu\/index.php?rest_route=\/wp\/v2\/posts"}],"about":[{"href":"http:\/\/news-papers.eu\/index.php?rest_route=\/wp\/v2\/types\/post"}],"author":[{"embeddable":true,"href":"http:\/\/news-papers.eu\/index.php?rest_route=\/wp\/v2\/users\/2"}],"replies":[{"embeddable":true,"href":"http:\/\/news-papers.eu\/index.php?rest_route=%2Fwp%2Fv2%2Fcomments&post=15284"}],"version-history":[{"count":4,"href":"http:\/\/news-papers.eu\/index.php?rest_route=\/wp\/v2\/posts\/15284\/revisions"}],"predecessor-version":[{"id":15291,"href":"http:\/\/news-papers.eu\/index.php?rest_route=\/wp\/v2\/posts\/15284\/revisions\/15291"}],"wp:featuredmedia":[{"embeddable":true,"href":"http:\/\/news-papers.eu\/index.php?rest_route=\/wp\/v2\/media\/14566"}],"wp:attachment":[{"href":"http:\/\/news-papers.eu\/index.php?rest_route=%2Fwp%2Fv2%2Fmedia&parent=15284"}],"wp:term":[{"taxonomy":"category","embeddable":true,"href":"http:\/\/news-papers.eu\/index.php?rest_route=%2Fwp%2Fv2%2Fcategories&post=15284"},{"taxonomy":"post_tag","embeddable":true,"href":"http:\/\/news-papers.eu\/index.php?rest_route=%2Fwp%2Fv2%2Ftags&post=15284"}],"curies":[{"name":"wp","href":"https:\/\/api.w.org\/{rel}","templated":true}]}}