{"id":15280,"date":"2022-03-25T04:25:04","date_gmt":"2022-03-25T03:25:04","guid":{"rendered":"http:\/\/news-papers.eu\/?p=15280"},"modified":"2022-03-23T21:27:37","modified_gmt":"2022-03-23T20:27:37","slug":"repetitorium-kinderanaesthesie-26-27-05-2022-digital","status":"publish","type":"post","link":"http:\/\/news-papers.eu\/?p=15280","title":{"rendered":"Repetitorium Kinderan\u00e4sthesie 26.-27.05.2022 digital"},"content":{"rendered":"<p><img data-recalc-dims=\"1\" loading=\"lazy\" decoding=\"async\" data-attachment-id=\"15281\" data-permalink=\"http:\/\/news-papers.eu\/?attachment_id=15281\" data-orig-file=\"https:\/\/i0.wp.com\/news-papers.eu\/wp-content\/uploads\/2022\/03\/Bildschirmfoto-2022-03-23-um-21.25.25-e1648067141403.png?fit=1000%2C454\" data-orig-size=\"1000,454\" data-comments-opened=\"1\" data-image-meta=\"{&quot;aperture&quot;:&quot;0&quot;,&quot;credit&quot;:&quot;&quot;,&quot;camera&quot;:&quot;&quot;,&quot;caption&quot;:&quot;&quot;,&quot;created_timestamp&quot;:&quot;0&quot;,&quot;copyright&quot;:&quot;&quot;,&quot;focal_length&quot;:&quot;0&quot;,&quot;iso&quot;:&quot;0&quot;,&quot;shutter_speed&quot;:&quot;0&quot;,&quot;title&quot;:&quot;&quot;,&quot;orientation&quot;:&quot;0&quot;}\" data-image-title=\"Bildschirmfoto 2022-03-23 um 21.25.25\" data-image-description=\"\" data-image-caption=\"\" data-medium-file=\"https:\/\/i0.wp.com\/news-papers.eu\/wp-content\/uploads\/2022\/03\/Bildschirmfoto-2022-03-23-um-21.25.25-e1648067141403.png?fit=300%2C136\" data-large-file=\"https:\/\/i0.wp.com\/news-papers.eu\/wp-content\/uploads\/2022\/03\/Bildschirmfoto-2022-03-23-um-21.25.25-e1648067141403.png?fit=1024%2C465\" class=\"alignnone  wp-image-15281\" src=\"https:\/\/i0.wp.com\/news-papers.eu\/wp-content\/uploads\/2022\/03\/Bildschirmfoto-2022-03-23-um-21.25.25.png?resize=754%2C342\" alt=\"\" width=\"754\" height=\"342\" \/><\/p>\n<p>Informationen und Flyer_ <a href=\"http:\/\/news-papers.eu\/wp-content\/uploads\/2022\/03\/RepKinderanaeOnl2022d.pdf\">RepKinderan\u00e4Onl2022d<\/a><\/p>\n","protected":false},"excerpt":{"rendered":"<p>Informationen und Flyer_ RepKinderan\u00e4Onl2022d<\/p>\n","protected":false},"author":2,"featured_media":15281,"comment_status":"open","ping_status":"open","sticky":false,"template":"","format":"standard","meta":{"__cvm_playback_settings":[],"__cvm_video_id":"","jetpack_post_was_ever_published":false,"_jetpack_newsletter_access":"","_jetpack_dont_email_post_to_subs":false,"_jetpack_newsletter_tier_id":0,"_jetpack_memberships_contains_paywalled_content":false,"_jetpack_memberships_contains_paid_content":false,"footnotes":"","jetpack_publicize_message":"","jetpack_publicize_feature_enabled":true,"jetpack_social_post_already_shared":true,"jetpack_social_options":{"image_generator_settings":{"template":"highway","default_image_id":0,"font":"","enabled":false},"version":2}},"categories":[30],"tags":[],"class_list":["post-15280","post","type-post","status-publish","format-standard","has-post-thumbnail","hentry","category-veranstaltungshinweis"],"jetpack_publicize_connections":[],"jetpack_featured_media_url":"https:\/\/i0.wp.com\/news-papers.eu\/wp-content\/uploads\/2022\/03\/Bildschirmfoto-2022-03-23-um-21.25.25-e1648067141403.png?fit=1000%2C454","jetpack_sharing_enabled":true,"jetpack_shortlink":"https:\/\/wp.me\/p7fR2g-3Ys","jetpack-related-posts":[{"id":16739,"url":"http:\/\/news-papers.eu\/?p=16739","url_meta":{"origin":15280,"position":0},"title":"Repetitorium Kinderan\u00e4sthesie, 17.-20.05.2023","author":"Michael Bernhard","date":"M\u00e4rz 5, 2023","format":false,"excerpt":"Liebe Kolleginnen und Kollegen! Das beliebte Repetitorium Kinderan\u00e4sthesie ist zur\u00fcck als Pr\u00e4senzveranstaltung im sch\u00f6\u00adnen Hotel R\u00f6ssle in Stimpfach-Rechenberg! Bringen Sie Ihr Wissen zur Kinderan\u00e4sthesie mit praxisnahen Vortr\u00e4gen auf den aktuellen Stand und diskutieren Sie Ihre Fragen mit klinisch erfahrenen ReferentInnen. Am vorgeschalteten Mittwoch bieten wir Ihnen das neu konzipierte Zirkeltraining\u2026","rel":"","context":"In &quot;Veranstaltungshinweis&quot;","block_context":{"text":"Veranstaltungshinweis","link":"http:\/\/news-papers.eu\/?cat=30"},"img":{"alt_text":"","src":"https:\/\/i0.wp.com\/news-papers.eu\/wp-content\/uploads\/2023\/03\/Bildschirm%C2%ADfoto-2023-03-04-um-10.38.20.png?fit=636%2C380&resize=350%2C200","width":350,"height":200,"srcset":"https:\/\/i0.wp.com\/news-papers.eu\/wp-content\/uploads\/2023\/03\/Bildschirm%C2%ADfoto-2023-03-04-um-10.38.20.png?fit=636%2C380&resize=350%2C200 1x, https:\/\/i0.wp.com\/news-papers.eu\/wp-content\/uploads\/2023\/03\/Bildschirm%C2%ADfoto-2023-03-04-um-10.38.20.png?fit=636%2C380&resize=525%2C300 1.5x"},"classes":[]},{"id":16743,"url":"http:\/\/news-papers.eu\/?p=16743","url_meta":{"origin":15280,"position":1},"title":"Repetitorium Kinderan\u00e4sthesie 17.-20.05.2023","author":"Michael Bernhard","date":"M\u00e4rz 17, 2023","format":false,"excerpt":"Liebe Kolleginnen und Kollegen! Das beliebte Repetitorium Kinderan\u00e4sthesie ist zur\u00fcck als Pr\u00e4senzveranstaltung im sch\u00f6\u00adnen Hotel R\u00f6ssle in Stimpfach-Rechenberg! Bringen Sie Ihr Wissen zur Kinderan\u00e4sthesie mit praxisnahen Vortr\u00e4gen auf den aktuellen Stand und diskutieren Sie Ihre Fragen mit klinisch erfahrenen ReferentInnen. Am vorgeschalteten Mittwoch bieten wir Ihnen das neu konzipierte Zirkeltraining\u2026","rel":"","context":"In &quot;Veranstaltungshinweis&quot;","block_context":{"text":"Veranstaltungshinweis","link":"http:\/\/news-papers.eu\/?cat=30"},"img":{"alt_text":"","src":"https:\/\/i0.wp.com\/news-papers.eu\/wp-content\/uploads\/2023\/03\/Bildschirm%C2%ADfoto-2023-03-04-um-10.38.20.png?fit=636%2C380&resize=350%2C200","width":350,"height":200,"srcset":"https:\/\/i0.wp.com\/news-papers.eu\/wp-content\/uploads\/2023\/03\/Bildschirm%C2%ADfoto-2023-03-04-um-10.38.20.png?fit=636%2C380&resize=350%2C200 1x, https:\/\/i0.wp.com\/news-papers.eu\/wp-content\/uploads\/2023\/03\/Bildschirm%C2%ADfoto-2023-03-04-um-10.38.20.png?fit=636%2C380&resize=525%2C300 1.5x"},"classes":[]},{"id":13327,"url":"http:\/\/news-papers.eu\/?p=13327","url_meta":{"origin":15280,"position":2},"title":"Repertorium Kinderan\u00e4sthesie ONLINE am 13.-14.05.2021","author":"Michael Bernhard","date":"M\u00e4rz 29, 2021","format":false,"excerpt":"Das Repetitorium Kinderan\u00e4sthesie hat eine lange Tradition und war schon immer anders als andere Veranstaltungen. Von einem sehr kleinen virulenten Protein mit Lipidmembran wollten sich die Veranstalter dieses Jahr nicht abhalten lassen, Ihnen an zwei Tagen die Themen der Kinderan\u00e4sthesie zu pr\u00e4sentieren, die Sie t\u00e4glich ben\u00f6tigen. Nach jedem Vortrag ist\u2026","rel":"","context":"In &quot;Veranstaltungshinweis&quot;","block_context":{"text":"Veranstaltungshinweis","link":"http:\/\/news-papers.eu\/?cat=30"},"img":{"alt_text":"","src":"https:\/\/i0.wp.com\/news-papers.eu\/wp-content\/uploads\/2021\/03\/Bildschirmfoto-2021-03-16-um-13.04.39-e1615896331901.png?fit=500%2C294&resize=350%2C200","width":350,"height":200},"classes":[]},{"id":17713,"url":"http:\/\/news-papers.eu\/?p=17713","url_meta":{"origin":15280,"position":3},"title":"Repetitorium Kinderan\u00e4sthesie 2024 &#8211; 01.-03. Mai 2024","author":"Michael Bernhard","date":"Dezember 8, 2023","format":false,"excerpt":"Sehr geehrte Kollegin! Sehr geehrter Kollege! Mit Freude darf ich Ihnen mitteilen, dass die Anmeldung zum Repetitorium Kinderan\u00e4sthesie 2024 ab sofort unter https:\/\/skaga-ev.de\/products\/repetitorium-kinderanaesthesie m\u00f6glich ist. Es findet statt vom 1.-3. Mai 2024 im wundersch\u00f6nen Landhotel R\u00f6ssle in Stimpfach-Rechenberg. Die vorgeschalteten einzigartigen Workshops \u201eZirkeltraining Kinderan\u00e4sthesie\u201c finden am Nachmittag des 30. April\u2026","rel":"","context":"In &quot;Veranstaltungshinweis&quot;","block_context":{"text":"Veranstaltungshinweis","link":"http:\/\/news-papers.eu\/?cat=30"},"img":{"alt_text":"","src":"https:\/\/i0.wp.com\/news-papers.eu\/wp-content\/uploads\/2023\/12\/rep1-raum.jpg?fit=1100%2C1100&resize=350%2C200","width":350,"height":200,"srcset":"https:\/\/i0.wp.com\/news-papers.eu\/wp-content\/uploads\/2023\/12\/rep1-raum.jpg?fit=1100%2C1100&resize=350%2C200 1x, https:\/\/i0.wp.com\/news-papers.eu\/wp-content\/uploads\/2023\/12\/rep1-raum.jpg?fit=1100%2C1100&resize=525%2C300 1.5x, https:\/\/i0.wp.com\/news-papers.eu\/wp-content\/uploads\/2023\/12\/rep1-raum.jpg?fit=1100%2C1100&resize=700%2C400 2x, https:\/\/i0.wp.com\/news-papers.eu\/wp-content\/uploads\/2023\/12\/rep1-raum.jpg?fit=1100%2C1100&resize=1050%2C600 3x"},"classes":[]},{"id":14972,"url":"http:\/\/news-papers.eu\/?p=14972","url_meta":{"origin":15280,"position":4},"title":"Kinderan\u00e4sthesie aktuell: 11.-12.03.2022 ONLINE","author":"Michael Bernhard","date":"Januar 18, 2022","format":false,"excerpt":"Sehr geehrte\u00a0Kolleginnen und\u00a0Kollegen, wir von Kinderan\u00e4sthesie aktuell w\u00fcnschen alles Gute f\u00fcr das neue Jahr 2022 und haben da eine tolle\u00a0Idee f\u00fcr einen guten\u00a0Vorsatz - Kinderan\u00e4sthesie aktuell besuchen! Zwischendurch hatten wir\u00a0auf eine Pr\u00e4senz-Veranstaltung gehofft - aber nun ist klar - wir werden nocheinmal rein virtuell (nat\u00fcrlich CME-zertifziert) bleiben m\u00fcssen. Symposium \"Kinderan\u00e4sthesie\u2026","rel":"","context":"In &quot;Veranstaltungshinweis&quot;","block_context":{"text":"Veranstaltungshinweis","link":"http:\/\/news-papers.eu\/?cat=30"},"img":{"alt_text":"","src":"https:\/\/i0.wp.com\/news-papers.eu\/wp-content\/uploads\/2022\/01\/1.jpg?fit=700%2C254&resize=350%2C200","width":350,"height":200,"srcset":"https:\/\/i0.wp.com\/news-papers.eu\/wp-content\/uploads\/2022\/01\/1.jpg?fit=700%2C254&resize=350%2C200 1x, https:\/\/i0.wp.com\/news-papers.eu\/wp-content\/uploads\/2022\/01\/1.jpg?fit=700%2C254&resize=525%2C300 1.5x, https:\/\/i0.wp.com\/news-papers.eu\/wp-content\/uploads\/2022\/01\/1.jpg?fit=700%2C254&resize=700%2C400 2x"},"classes":[]},{"id":832,"url":"http:\/\/news-papers.eu\/?p=832","url_meta":{"origin":15280,"position":5},"title":"Kinderan\u00e4sthesie aktuell 18.\/19.03.2016","author":"Michael Bernhard","date":"M\u00e4rz 7, 2016","format":false,"excerpt":"Anbei ein Hinweis zu einem interessanten\u00a0Symposium,\u00a0dass vom 18.-19.03.2016 in K\u00f6ln-M\u00fchlheim stattfindet. \"Kinderan\u00e4sthesie aktuell\", The New Yorker | DOCK.ONE Hafenstra\u00dfe 1 \/ Auenweg 51063 K\u00f6ln Weitere Informationen finden Sie: hier.","rel":"","context":"In &quot;Veranstaltungshinweis&quot;","block_context":{"text":"Veranstaltungshinweis","link":"http:\/\/news-papers.eu\/?cat=30"},"img":{"alt_text":"","src":"https:\/\/i0.wp.com\/news-papers.eu\/wp-content\/uploads\/2016\/03\/Kinderanesthesieaktuell2016.png?fit=457%2C658&resize=350%2C200","width":350,"height":200},"classes":[]}],"jetpack_likes_enabled":true,"_links":{"self":[{"href":"http:\/\/news-papers.eu\/index.php?rest_route=\/wp\/v2\/posts\/15280","targetHints":{"allow":["GET"]}}],"collection":[{"href":"http:\/\/news-papers.eu\/index.php?rest_route=\/wp\/v2\/posts"}],"about":[{"href":"http:\/\/news-papers.eu\/index.php?rest_route=\/wp\/v2\/types\/post"}],"author":[{"embeddable":true,"href":"http:\/\/news-papers.eu\/index.php?rest_route=\/wp\/v2\/users\/2"}],"replies":[{"embeddable":true,"href":"http:\/\/news-papers.eu\/index.php?rest_route=%2Fwp%2Fv2%2Fcomments&post=15280"}],"version-history":[{"count":1,"href":"http:\/\/news-papers.eu\/index.php?rest_route=\/wp\/v2\/posts\/15280\/revisions"}],"predecessor-version":[{"id":15283,"href":"http:\/\/news-papers.eu\/index.php?rest_route=\/wp\/v2\/posts\/15280\/revisions\/15283"}],"wp:featuredmedia":[{"embeddable":true,"href":"http:\/\/news-papers.eu\/index.php?rest_route=\/wp\/v2\/media\/15281"}],"wp:attachment":[{"href":"http:\/\/news-papers.eu\/index.php?rest_route=%2Fwp%2Fv2%2Fmedia&parent=15280"}],"wp:term":[{"taxonomy":"category","embeddable":true,"href":"http:\/\/news-papers.eu\/index.php?rest_route=%2Fwp%2Fv2%2Fcategories&post=15280"},{"taxonomy":"post_tag","embeddable":true,"href":"http:\/\/news-papers.eu\/index.php?rest_route=%2Fwp%2Fv2%2Ftags&post=15280"}],"curies":[{"name":"wp","href":"https:\/\/api.w.org\/{rel}","templated":true}]}}