{"id":15241,"date":"2022-03-15T02:23:03","date_gmt":"2022-03-15T01:23:03","guid":{"rendered":"http:\/\/news-papers.eu\/?p=15241"},"modified":"2022-03-15T00:41:02","modified_gmt":"2022-03-14T23:41:02","slug":"15241","status":"publish","type":"post","link":"http:\/\/news-papers.eu\/?p=15241","title":{"rendered":"DIVI Publiziert interdisziplin\u00e4res Positionspapier zum Atemwegsmanagement"},"content":{"rendered":"<p style=\"text-align: justify;\">Die Sicherung der Atemwege stellt eine der zentralen Aufgaben der Notfallmedizin dar und z\u00e4hlt somit bei vitaler Indikation zu den wichtigsten durchzuf\u00fchrenden Ma\u00dfnahmen. Das Atemwegsmanagement beim pr\u00e4hospitalen Notfallpatienten erfolgt zumeist unter hohem Zeit- und Erfolgsdruck und ist dabei viel schwieriger als unter den elektiven Bedingungen in der Klinik.<\/p>\n<p style=\"text-align: justify;\">Umso wichtiger ist ein Konsens aller an der pr\u00e4hospitalen Notfallversorgung beteiligten Fachdisziplinen dar\u00fcber, wie eine moderne und angemessene Weiterbildung f\u00fcr das pr\u00e4hospitale Atemwegsmanagement auszusehen soll. Das war bisher nicht der Fall: W\u00e4hrend die aktuelle Musterweiterbildungsverordnung der Bundes\u00e4rztekammer f\u00fcr die Zusatzweiterbildung \u201eNotfallmedizin\u201c (Stand: November 2018) das Durchf\u00fchren von 50 Intubationen empfiehlt, liegt die Messlatte der seit 2019 geltenden <span style=\"color: #333333;\"><strong><a style=\"color: #333333;\" href=\"http:\/\/news-papers.eu\/?p=9725\" target=\"_blank\" rel=\"noopener\">S1-AWMF-Leitlinie \u201ePr\u00e4hospitales Atemwegsmanagement\u201c<\/a><\/strong><\/span> bei 100 Intubationen.<\/p>\n<p style=\"text-align: justify;\">Um dieses Dilemma zu l\u00f6sen, hat die Deutsche Interdisziplin\u00e4re Vereinigung f\u00fcr Intensiv- und Notfallmedizin (DIVI) zur konstruktiven Diskussion mit Vertreterinnen und Vertretern weiterer Fachdisziplinen (Deutsche Gesellschaft f\u00fcr Internistische Intensivmedizin, Deutsche Gesellschaft f\u00fcr Chirurgie und Deutsche Gesellschaft f\u00fcr An\u00e4sthesiologie und Intensivmedizin) aufgerufen. Daraus entstanden ist nun ein kompaktes Positionspapier, das auch eine sinnvolle L\u00f6sung f\u00fcr das Dilemma vorschl\u00e4gt \u2013 und somit die Patientensicherheit erh\u00f6hen kann.<\/p>\n<h2 style=\"text-align: justify;\">DIVI-Kursformat \u201eANNA\u201c kann Diskrepanz in Weiterbildung aufl\u00f6sen<\/h2>\n<figure id=\"attachment_15244\" aria-describedby=\"caption-attachment-15244\" style=\"width: 164px\" class=\"wp-caption alignleft\"><a href=\"https:\/\/i0.wp.com\/news-papers.eu\/wp-content\/uploads\/2022\/03\/florian-hoffmann.png\"><img data-recalc-dims=\"1\" loading=\"lazy\" decoding=\"async\" data-attachment-id=\"15244\" data-permalink=\"http:\/\/news-papers.eu\/?attachment_id=15244\" data-orig-file=\"https:\/\/i0.wp.com\/news-papers.eu\/wp-content\/uploads\/2022\/03\/florian-hoffmann-e1647301149927.png?fit=164%2C220\" data-orig-size=\"164,220\" data-comments-opened=\"1\" data-image-meta=\"{&quot;aperture&quot;:&quot;0&quot;,&quot;credit&quot;:&quot;&quot;,&quot;camera&quot;:&quot;&quot;,&quot;caption&quot;:&quot;&quot;,&quot;created_timestamp&quot;:&quot;0&quot;,&quot;copyright&quot;:&quot;&quot;,&quot;focal_length&quot;:&quot;0&quot;,&quot;iso&quot;:&quot;0&quot;,&quot;shutter_speed&quot;:&quot;0&quot;,&quot;title&quot;:&quot;&quot;,&quot;orientation&quot;:&quot;0&quot;}\" data-image-title=\"florian hoffmann\" data-image-description=\"\" data-image-caption=\"\" data-large-file=\"https:\/\/i0.wp.com\/news-papers.eu\/wp-content\/uploads\/2022\/03\/florian-hoffmann-e1647301149927.png?fit=164%2C220\" class=\"wp-image-15244 size-full\" src=\"https:\/\/i0.wp.com\/news-papers.eu\/wp-content\/uploads\/2022\/03\/florian-hoffmann-e1647301149927.png?resize=164%2C220\" alt=\"\" width=\"164\" height=\"220\" \/><\/a><figcaption id=\"caption-attachment-15244\" class=\"wp-caption-text\">PD Dr. F. Hoffmann<\/figcaption><\/figure>\n<p style=\"text-align: justify;\">Insgesamt acht Thesen zu Weiterbildungsinhalten beim pr\u00e4hospitalen Atemwegsmanagement werden in dem Positionspapier formuliert. Ein gangbarer Weg f\u00fcr dasjenige Fachpersonal, das bisher mit nur 50 Intubationen weitergebildet wurde, ist demnach die Teilnahme an Kursen zur Vermittlung der Kompetenzen im pr\u00e4hospitalen Atemwegsmanagement wie dem interdisziplin\u00e4ren DIVI-Kursformat <span style=\"color: #333333;\"><strong><a style=\"color: #333333;\" href=\"http:\/\/news-papers.eu\/?p=14207\" target=\"_blank\" rel=\"noopener\">\u201eANNA\u201c (Atemwegsmanagement und Narkose in Notfall- und Akutmedizin)<\/a><\/strong><\/span>. \u201eDieser Kurs lehrt mit viel Hintergrundwissen und fallbasiert alle M\u00f6glichkeiten des Atemwegsmanagements sowie Intubationsm\u00f6glichkeiten am Modell. In unseren Augen werden die Teilnehmenden dadurch bestens vorbereitet und die \u201eWeiterbildungsl\u00fccke\u201c wird geschlossen\u201c, sagt DIVI-Generalsekret\u00e4r Priv.-Doz. Dr. Florian Hoffmann. W\u00fcnschenswert w\u00e4re aus DIVI-Sicht, wenn die Bundes\u00e4rztekammer diese Vorschl\u00e4ge in der kommenden \u00dcberarbeitung der Musterweiterbildungsverordnung ber\u00fccksichtigt.<\/p>\n<p><strong><a href=\"https:\/\/www.divi.de\/joomlatools-files\/docman-files\/publikationen\/stellungnahmen\/220222-divi-stellungnahme-thesen-zum-praehospitalen-atemwegsmanagement.pdf\" target=\"_blank\" rel=\"noopener\">Zum DIVI-Positionspapier \u201eAcht Thesen zum pr\u00e4hospitalen Atemwegsmanagement im Zusammenhang mit der Musterweiterbildungsordnung \u201eNotfallmedizin\u201c.<\/a><\/strong><\/p>\n","protected":false},"excerpt":{"rendered":"<p>Die Sicherung der Atemwege stellt eine der zentralen Aufgaben der Notfallmedizin dar und z\u00e4hlt somit bei vitaler Indikation zu den wichtigsten durchzuf\u00fchrenden Ma\u00dfnahmen. Das Atemwegsmanagement beim pr\u00e4hospitalen Notfallpatienten erfolgt zumeist [&hellip;]<\/p>\n","protected":false},"author":1,"featured_media":14225,"comment_status":"open","ping_status":"open","sticky":false,"template":"","format":"standard","meta":{"__cvm_playback_settings":[],"__cvm_video_id":"","jetpack_post_was_ever_published":false,"_jetpack_newsletter_access":"","_jetpack_dont_email_post_to_subs":false,"_jetpack_newsletter_tier_id":0,"_jetpack_memberships_contains_paywalled_content":false,"_jetpack_memberships_contains_paid_content":false,"footnotes":"","jetpack_publicize_message":"","jetpack_publicize_feature_enabled":true,"jetpack_social_post_already_shared":true,"jetpack_social_options":{"image_generator_settings":{"template":"highway","default_image_id":0,"font":"","enabled":false},"version":2},"_wpas_customize_per_network":false},"categories":[3],"tags":[2154,28,541],"class_list":["post-15241","post","type-post","status-publish","format-standard","has-post-thumbnail","hentry","category-atemwegsmanagement","tag-anna","tag-atemwegsmanagement","tag-divi"],"jetpack_publicize_connections":[],"jetpack_featured_media_url":"https:\/\/i0.wp.com\/news-papers.eu\/wp-content\/uploads\/2021\/09\/ANNA-Skill-Station-05-scaled.jpg?fit=2560%2C1703","jetpack_sharing_enabled":true,"jetpack_shortlink":"https:\/\/wp.me\/s7fR2g-15241","jetpack-related-posts":[{"id":16878,"url":"http:\/\/news-papers.eu\/?p=16878","url_meta":{"origin":15241,"position":0},"title":"ANNA: jetzt Kursplatz sichern !","author":"Bj\u00f6rn Hossfeld","date":"April 16, 2023","format":false,"excerpt":"ANNA - Atemwegsmanagement und Narkose in Notfall- und Akutmedizin ist ein neues Kurskonzept der Deutschen Interdisziplin\u00e4ren Vereinigung f\u00fcr Intensiv- und Notfallmedizin (DIVI). Das Freimachen und die Sicherung der Atemwege sind wesentliche Kernaufgaben des Rettungsdienstfach-personals, der Not\u00e4rzte*innen, aber auch von \u00c4rzten*innen und Pflegekr\u00e4ften der klinischen Notfall- und Akutbereiche. Diese Ma\u00dfnahmen sind\u2026","rel":"","context":"In &quot;Atemwegsmanagement&quot;","block_context":{"text":"Atemwegsmanagement","link":"http:\/\/news-papers.eu\/?cat=3"},"img":{"alt_text":"","src":"https:\/\/i0.wp.com\/news-papers.eu\/wp-content\/uploads\/2023\/04\/ANNA.png?fit=1200%2C597&resize=350%2C200","width":350,"height":200,"srcset":"https:\/\/i0.wp.com\/news-papers.eu\/wp-content\/uploads\/2023\/04\/ANNA.png?fit=1200%2C597&resize=350%2C200 1x, https:\/\/i0.wp.com\/news-papers.eu\/wp-content\/uploads\/2023\/04\/ANNA.png?fit=1200%2C597&resize=525%2C300 1.5x, https:\/\/i0.wp.com\/news-papers.eu\/wp-content\/uploads\/2023\/04\/ANNA.png?fit=1200%2C597&resize=700%2C400 2x, https:\/\/i0.wp.com\/news-papers.eu\/wp-content\/uploads\/2023\/04\/ANNA.png?fit=1200%2C597&resize=1050%2C600 3x"},"classes":[]},{"id":19144,"url":"http:\/\/news-papers.eu\/?p=19144","url_meta":{"origin":15241,"position":1},"title":"ANNA-Kurs in W\u00fcrzburg","author":"Bj\u00f6rn Hossfeld","date":"Januar 29, 2025","format":false,"excerpt":"Das Freimachen und die Sicherung der Atemwege sind wesentliche Aufgaben des Rettungsdienstfachpersonals, der Not\u00e4rzte, aber auch von \u00c4rzten und Pflegekr\u00e4ften der klinischen Notfall- und Akutbereiche. Diese Ma\u00dfnahmen stellen absolut lebensrettende Kernkompetenzen dar und m\u00fcssen daher von jedem in der Notfallmedizin T\u00e4tigen auf einer professionellen Basis sicher angewendet werden k\u00f6nnen. Das\u2026","rel":"","context":"In &quot;Atemwegsmanagement&quot;","block_context":{"text":"Atemwegsmanagement","link":"http:\/\/news-papers.eu\/?cat=3"},"img":{"alt_text":"","src":"https:\/\/i0.wp.com\/news-papers.eu\/wp-content\/uploads\/2023\/04\/ANNA.png?fit=1200%2C597&resize=350%2C200","width":350,"height":200,"srcset":"https:\/\/i0.wp.com\/news-papers.eu\/wp-content\/uploads\/2023\/04\/ANNA.png?fit=1200%2C597&resize=350%2C200 1x, https:\/\/i0.wp.com\/news-papers.eu\/wp-content\/uploads\/2023\/04\/ANNA.png?fit=1200%2C597&resize=525%2C300 1.5x, https:\/\/i0.wp.com\/news-papers.eu\/wp-content\/uploads\/2023\/04\/ANNA.png?fit=1200%2C597&resize=700%2C400 2x, https:\/\/i0.wp.com\/news-papers.eu\/wp-content\/uploads\/2023\/04\/ANNA.png?fit=1200%2C597&resize=1050%2C600 3x"},"classes":[]},{"id":16299,"url":"http:\/\/news-papers.eu\/?p=16299","url_meta":{"origin":15241,"position":2},"title":"n\u00e4chster ANNA-Kurs der DIVI am Ulmer Bundeswehrkrankenhaus","author":"Bj\u00f6rn Hossfeld","date":"Dezember 7, 2022","format":false,"excerpt":"ANNA - Atemwegsmanagement und Narkose in Notfall- und Akutmedizin ist ein neues Kurskonzept der Deutschen Interdisziplin\u00e4ren Vereinigung f\u00fcr Intensiv- und Notfallmedizin (DIVI). Das Freimachen und die Sicherung der Atemwege sind wesentliche Kernaufgaben des Rettungsdienstfach-personals, der Not\u00e4rzte*innen, aber auch von \u00c4rzten*innen und Pflegekr\u00e4ften der klinischen Notfall- und Akutbereiche. Diese Ma\u00dfnahmen sind\u2026","rel":"","context":"In &quot;allgemein&quot;","block_context":{"text":"allgemein","link":"http:\/\/news-papers.eu\/?cat=2"},"img":{"alt_text":"","src":"https:\/\/i0.wp.com\/news-papers.eu\/wp-content\/uploads\/2021\/09\/ANNA-C-MAC-PM-scaled.jpg?fit=1200%2C798&resize=350%2C200","width":350,"height":200,"srcset":"https:\/\/i0.wp.com\/news-papers.eu\/wp-content\/uploads\/2021\/09\/ANNA-C-MAC-PM-scaled.jpg?fit=1200%2C798&resize=350%2C200 1x, https:\/\/i0.wp.com\/news-papers.eu\/wp-content\/uploads\/2021\/09\/ANNA-C-MAC-PM-scaled.jpg?fit=1200%2C798&resize=525%2C300 1.5x, https:\/\/i0.wp.com\/news-papers.eu\/wp-content\/uploads\/2021\/09\/ANNA-C-MAC-PM-scaled.jpg?fit=1200%2C798&resize=700%2C400 2x, https:\/\/i0.wp.com\/news-papers.eu\/wp-content\/uploads\/2021\/09\/ANNA-C-MAC-PM-scaled.jpg?fit=1200%2C798&resize=1050%2C600 3x"},"classes":[]},{"id":19676,"url":"http:\/\/news-papers.eu\/?p=19676","url_meta":{"origin":15241,"position":3},"title":"Notfallnarkose und Atemwegsmanagement trainieren","author":"Bj\u00f6rn Hossfeld","date":"Juni 6, 2025","format":false,"excerpt":"Das Freimachen und die Sicherung der Atemwege sind wesentliche Aufgaben des Rettungsdienstfachpersonals, der Not\u00e4rzte, aber auch von \u00c4rzten und Pflegekr\u00e4ften der klinischen Notfall- und Akutbereiche. Diese Ma\u00dfnahmen stellen absolut lebensrettende Kernkompetenzen dar und m\u00fcssen daher von jedem in der Notfallmedizin T\u00e4tigen auf einer professionellen Basis sicher angewendet werden k\u00f6nnen. Das\u2026","rel":"","context":"In &quot;Veranstaltungshinweis&quot;","block_context":{"text":"Veranstaltungshinweis","link":"http:\/\/news-papers.eu\/?cat=30"},"img":{"alt_text":"","src":"https:\/\/i0.wp.com\/news-papers.eu\/wp-content\/uploads\/2025\/06\/Intubation-C-MAC.png?fit=1200%2C1160&resize=350%2C200","width":350,"height":200,"srcset":"https:\/\/i0.wp.com\/news-papers.eu\/wp-content\/uploads\/2025\/06\/Intubation-C-MAC.png?fit=1200%2C1160&resize=350%2C200 1x, https:\/\/i0.wp.com\/news-papers.eu\/wp-content\/uploads\/2025\/06\/Intubation-C-MAC.png?fit=1200%2C1160&resize=525%2C300 1.5x, https:\/\/i0.wp.com\/news-papers.eu\/wp-content\/uploads\/2025\/06\/Intubation-C-MAC.png?fit=1200%2C1160&resize=700%2C400 2x, https:\/\/i0.wp.com\/news-papers.eu\/wp-content\/uploads\/2025\/06\/Intubation-C-MAC.png?fit=1200%2C1160&resize=1050%2C600 3x"},"classes":[]},{"id":17132,"url":"http:\/\/news-papers.eu\/?p=17132","url_meta":{"origin":15241,"position":4},"title":"Atemwegsmanagement und Narkose in Notfall- und Akutmedizin (ANNA)","author":"Michael Bernhard","date":"Mai 30, 2023","format":false,"excerpt":"Flyer: ANNA-Kursinformation Das Freimachen und die Sicherung der Atemwege sind wesentliche Aufgaben des Rettungsdienstfachpersonals, der Nota\u0308rzte, aber auch von A\u0308rzten und Pflegekra\u0308ften der klinischen Notfall- und Akutbereiche. Diese Ma\u00dfnahmen stellen absolut lebensrettende Kernkompetenzen dar und mu\u0308ssen daher von jedem in der Notfallmedizin Ta\u0308tigen auf einer professionellen Basis sicher angewendet werden\u2026","rel":"","context":"In &quot;Veranstaltungshinweis&quot;","block_context":{"text":"Veranstaltungshinweis","link":"http:\/\/news-papers.eu\/?cat=30"},"img":{"alt_text":"","src":"https:\/\/i0.wp.com\/news-papers.eu\/wp-content\/uploads\/2023\/05\/Bildschirmfoto-2023-05-27-um-11.43.58.png?fit=1182%2C592&resize=350%2C200","width":350,"height":200,"srcset":"https:\/\/i0.wp.com\/news-papers.eu\/wp-content\/uploads\/2023\/05\/Bildschirmfoto-2023-05-27-um-11.43.58.png?fit=1182%2C592&resize=350%2C200 1x, https:\/\/i0.wp.com\/news-papers.eu\/wp-content\/uploads\/2023\/05\/Bildschirmfoto-2023-05-27-um-11.43.58.png?fit=1182%2C592&resize=525%2C300 1.5x, https:\/\/i0.wp.com\/news-papers.eu\/wp-content\/uploads\/2023\/05\/Bildschirmfoto-2023-05-27-um-11.43.58.png?fit=1182%2C592&resize=700%2C400 2x, https:\/\/i0.wp.com\/news-papers.eu\/wp-content\/uploads\/2023\/05\/Bildschirmfoto-2023-05-27-um-11.43.58.png?fit=1182%2C592&resize=1050%2C600 3x"},"classes":[]},{"id":17140,"url":"http:\/\/news-papers.eu\/?p=17140","url_meta":{"origin":15241,"position":5},"title":"Atemwegsmanagement und Narkose in Notfall- und Akutmedizin (ANNA)","author":"Michael Bernhard","date":"Juni 30, 2023","format":false,"excerpt":"Flyer: ANNA-Kursinformation Das Freimachen und die Sicherung der Atemwege sind wesentliche Aufgaben des Rettungsdienstfachpersonals, der Nota\u0308rzte, aber auch von A\u0308rzten und Pflegekra\u0308ften der klinischen Notfall- und Akutbereiche. Diese Ma\u00dfnahmen stellen absolut lebensrettende Kernkompetenzen dar und mu\u0308ssen daher von jedem in der Notfallmedizin Ta\u0308tigen auf einer professionellen Basis sicher angewendet werden\u2026","rel":"","context":"In &quot;Veranstaltungshinweis&quot;","block_context":{"text":"Veranstaltungshinweis","link":"http:\/\/news-papers.eu\/?cat=30"},"img":{"alt_text":"","src":"https:\/\/i0.wp.com\/news-papers.eu\/wp-content\/uploads\/2023\/05\/Bildschirmfoto-2023-05-27-um-11.43.58.png?fit=1182%2C592&resize=350%2C200","width":350,"height":200,"srcset":"https:\/\/i0.wp.com\/news-papers.eu\/wp-content\/uploads\/2023\/05\/Bildschirmfoto-2023-05-27-um-11.43.58.png?fit=1182%2C592&resize=350%2C200 1x, https:\/\/i0.wp.com\/news-papers.eu\/wp-content\/uploads\/2023\/05\/Bildschirmfoto-2023-05-27-um-11.43.58.png?fit=1182%2C592&resize=525%2C300 1.5x, https:\/\/i0.wp.com\/news-papers.eu\/wp-content\/uploads\/2023\/05\/Bildschirmfoto-2023-05-27-um-11.43.58.png?fit=1182%2C592&resize=700%2C400 2x, https:\/\/i0.wp.com\/news-papers.eu\/wp-content\/uploads\/2023\/05\/Bildschirmfoto-2023-05-27-um-11.43.58.png?fit=1182%2C592&resize=1050%2C600 3x"},"classes":[]}],"jetpack_likes_enabled":true,"_links":{"self":[{"href":"http:\/\/news-papers.eu\/index.php?rest_route=\/wp\/v2\/posts\/15241","targetHints":{"allow":["GET"]}}],"collection":[{"href":"http:\/\/news-papers.eu\/index.php?rest_route=\/wp\/v2\/posts"}],"about":[{"href":"http:\/\/news-papers.eu\/index.php?rest_route=\/wp\/v2\/types\/post"}],"author":[{"embeddable":true,"href":"http:\/\/news-papers.eu\/index.php?rest_route=\/wp\/v2\/users\/1"}],"replies":[{"embeddable":true,"href":"http:\/\/news-papers.eu\/index.php?rest_route=%2Fwp%2Fv2%2Fcomments&post=15241"}],"version-history":[{"count":4,"href":"http:\/\/news-papers.eu\/index.php?rest_route=\/wp\/v2\/posts\/15241\/revisions"}],"predecessor-version":[{"id":15246,"href":"http:\/\/news-papers.eu\/index.php?rest_route=\/wp\/v2\/posts\/15241\/revisions\/15246"}],"wp:featuredmedia":[{"embeddable":true,"href":"http:\/\/news-papers.eu\/index.php?rest_route=\/wp\/v2\/media\/14225"}],"wp:attachment":[{"href":"http:\/\/news-papers.eu\/index.php?rest_route=%2Fwp%2Fv2%2Fmedia&parent=15241"}],"wp:term":[{"taxonomy":"category","embeddable":true,"href":"http:\/\/news-papers.eu\/index.php?rest_route=%2Fwp%2Fv2%2Fcategories&post=15241"},{"taxonomy":"post_tag","embeddable":true,"href":"http:\/\/news-papers.eu\/index.php?rest_route=%2Fwp%2Fv2%2Ftags&post=15241"}],"curies":[{"name":"wp","href":"https:\/\/api.w.org\/{rel}","templated":true}]}}