{"id":14678,"date":"2021-11-19T04:24:13","date_gmt":"2021-11-19T03:24:13","guid":{"rendered":"http:\/\/news-papers.eu\/?p=14678"},"modified":"2021-11-18T21:26:45","modified_gmt":"2021-11-18T20:26:45","slug":"4c-mortality-4c-deterioration","status":"publish","type":"post","link":"http:\/\/news-papers.eu\/?p=14678","title":{"rendered":"4C Mortality &amp; 4C Deterioration bei COVID-19"},"content":{"rendered":"<p><a href=\"https:\/\/isaric4c.net\/risk\/\" target=\"_blank\" rel=\"noopener\"><img data-recalc-dims=\"1\" loading=\"lazy\" decoding=\"async\" data-attachment-id=\"14679\" data-permalink=\"http:\/\/news-papers.eu\/?attachment_id=14679\" data-orig-file=\"https:\/\/i0.wp.com\/news-papers.eu\/wp-content\/uploads\/2021\/11\/Bildschirmfoto-2021-11-18-um-21.24.25.png?fit=1294%2C1046\" data-orig-size=\"1294,1046\" data-comments-opened=\"1\" data-image-meta=\"{&quot;aperture&quot;:&quot;0&quot;,&quot;credit&quot;:&quot;&quot;,&quot;camera&quot;:&quot;&quot;,&quot;caption&quot;:&quot;&quot;,&quot;created_timestamp&quot;:&quot;0&quot;,&quot;copyright&quot;:&quot;&quot;,&quot;focal_length&quot;:&quot;0&quot;,&quot;iso&quot;:&quot;0&quot;,&quot;shutter_speed&quot;:&quot;0&quot;,&quot;title&quot;:&quot;&quot;,&quot;orientation&quot;:&quot;0&quot;}\" data-image-title=\"Bildschirmfoto 2021-11-18 um 21.24.25\" data-image-description=\"\" data-image-caption=\"\" data-large-file=\"https:\/\/i0.wp.com\/news-papers.eu\/wp-content\/uploads\/2021\/11\/Bildschirmfoto-2021-11-18-um-21.24.25.png?fit=1024%2C828\" class=\"alignnone wp-image-14679\" src=\"https:\/\/i0.wp.com\/news-papers.eu\/wp-content\/uploads\/2021\/11\/Bildschirmfoto-2021-11-18-um-21.24.25.png?resize=743%2C602\" alt=\"\" width=\"743\" height=\"602\" srcset=\"https:\/\/i0.wp.com\/news-papers.eu\/wp-content\/uploads\/2021\/11\/Bildschirmfoto-2021-11-18-um-21.24.25.png?resize=300%2C243 300w, https:\/\/i0.wp.com\/news-papers.eu\/wp-content\/uploads\/2021\/11\/Bildschirmfoto-2021-11-18-um-21.24.25.png?resize=1024%2C828 1024w, https:\/\/i0.wp.com\/news-papers.eu\/wp-content\/uploads\/2021\/11\/Bildschirmfoto-2021-11-18-um-21.24.25.png?resize=768%2C621 768w, https:\/\/i0.wp.com\/news-papers.eu\/wp-content\/uploads\/2021\/11\/Bildschirmfoto-2021-11-18-um-21.24.25.png?w=1294 1294w\" sizes=\"auto, (max-width: 743px) 100vw, 743px\" \/><\/a><\/p>\n<p>Risikokalkulation bei COVID-19: <a href=\"https:\/\/isaric4c.net\/risk\/\" target=\"_blank\" rel=\"noopener\"><strong>https:\/\/isaric4c.net\/risk\/<\/strong><\/a><\/p>\n","protected":false},"excerpt":{"rendered":"<p>Risikokalkulation bei COVID-19: https:\/\/isaric4c.net\/risk\/<\/p>\n","protected":false},"author":2,"featured_media":14679,"comment_status":"open","ping_status":"open","sticky":false,"template":"","format":"standard","meta":{"__cvm_playback_settings":[],"__cvm_video_id":"","jetpack_post_was_ever_published":false,"_jetpack_newsletter_access":"","_jetpack_dont_email_post_to_subs":false,"_jetpack_newsletter_tier_id":0,"_jetpack_memberships_contains_paywalled_content":false,"_jetpack_memberships_contains_paid_content":false,"footnotes":"","jetpack_publicize_message":"","jetpack_publicize_feature_enabled":true,"jetpack_social_post_already_shared":true,"jetpack_social_options":{"image_generator_settings":{"template":"highway","default_image_id":0,"font":"","enabled":false},"version":2},"_wpas_customize_per_network":false},"categories":[1821],"tags":[1822,2200,2201],"class_list":["post-14678","post","type-post","status-publish","format-standard","has-post-thumbnail","hentry","category-covid-19","tag-covid","tag-https-isaric4c-net-risk","tag-riskkalkulator"],"jetpack_publicize_connections":[],"jetpack_featured_media_url":"https:\/\/i0.wp.com\/news-papers.eu\/wp-content\/uploads\/2021\/11\/Bildschirmfoto-2021-11-18-um-21.24.25.png?fit=1294%2C1046","jetpack_sharing_enabled":true,"jetpack_shortlink":"https:\/\/wp.me\/p7fR2g-3OK","jetpack-related-posts":[{"id":11455,"url":"http:\/\/news-papers.eu\/?p=11455","url_meta":{"origin":14678,"position":0},"title":"#FightingCorona: Schlaganfall bei COVID-19","author":"Michael Bernhard","date":"Mai 1, 2020","format":false,"excerpt":"Ein Beitrag von PD Dr. J\u00fcrgen Knapp:\u00a0 Kollegen aus New York haben aktuell im New England Journal of Medicine eine interessante Fallserie von relativ jungen Patienten ver\u00f6ffentlicht, die sich mit typischen Symptomen eines zerebralen Gro\u00dfgef\u00e4\u00dfverschlusses in der Notaufnahme vorstellten und bei denen zus\u00e4tzlich COVID-19 diagnostiziert wurde. Oxley TJ et al.\u2026","rel":"","context":"In &quot;Neurologischer Notfall&quot;","block_context":{"text":"Neurologischer Notfall","link":"http:\/\/news-papers.eu\/?cat=7"},"img":{"alt_text":"","src":"https:\/\/i0.wp.com\/news-papers.eu\/wp-content\/uploads\/2018\/07\/Stroke.jpg?fit=1200%2C846&resize=350%2C200","width":350,"height":200,"srcset":"https:\/\/i0.wp.com\/news-papers.eu\/wp-content\/uploads\/2018\/07\/Stroke.jpg?fit=1200%2C846&resize=350%2C200 1x, https:\/\/i0.wp.com\/news-papers.eu\/wp-content\/uploads\/2018\/07\/Stroke.jpg?fit=1200%2C846&resize=525%2C300 1.5x, https:\/\/i0.wp.com\/news-papers.eu\/wp-content\/uploads\/2018\/07\/Stroke.jpg?fit=1200%2C846&resize=700%2C400 2x, https:\/\/i0.wp.com\/news-papers.eu\/wp-content\/uploads\/2018\/07\/Stroke.jpg?fit=1200%2C846&resize=1050%2C600 3x"},"classes":[]},{"id":11828,"url":"http:\/\/news-papers.eu\/?p=11828","url_meta":{"origin":14678,"position":1},"title":"Palliativtherapie bei Covid-19 in Notaufnahme up2date von Martin Fandler","author":"Michael Bernhard","date":"Juli 28, 2020","format":false,"excerpt":"In der neuen Notaufnahme up2date gibt einen einen\u00a0Leitlinie kompakt-Beitrag von Dr. Martin Fandler zum Thema\u00a0\u201ePalliativtherapie bei Covid-19\u201c. Fandler M. Palliativtherapie bei Covid-19.\u00a0Notaufnahme up2date 2020; 2: 203\u2013206 Dieser Beitrag ist frei zug\u00e4nglich und unter: https:\/\/eref.thieme.de\/ejournals\/2628-7609_2020_03#\/10.1055-a-1161-3718\u00a0heruntergeladen werden. Viel Spass beim Lesen ! Weitere Informationen gibt unter www.thieme.de\/notaufnahme-u2d","rel":"","context":"In &quot;COVID-19&quot;","block_context":{"text":"COVID-19","link":"http:\/\/news-papers.eu\/?cat=1821"},"img":{"alt_text":"www.news-papers.eu","src":"https:\/\/i0.wp.com\/news-papers.eu\/wp-content\/uploads\/2020\/03\/Starfleet-Medical-Corona.png?fit=1200%2C1200&resize=350%2C200","width":350,"height":200,"srcset":"https:\/\/i0.wp.com\/news-papers.eu\/wp-content\/uploads\/2020\/03\/Starfleet-Medical-Corona.png?fit=1200%2C1200&resize=350%2C200 1x, https:\/\/i0.wp.com\/news-papers.eu\/wp-content\/uploads\/2020\/03\/Starfleet-Medical-Corona.png?fit=1200%2C1200&resize=525%2C300 1.5x, https:\/\/i0.wp.com\/news-papers.eu\/wp-content\/uploads\/2020\/03\/Starfleet-Medical-Corona.png?fit=1200%2C1200&resize=700%2C400 2x, https:\/\/i0.wp.com\/news-papers.eu\/wp-content\/uploads\/2020\/03\/Starfleet-Medical-Corona.png?fit=1200%2C1200&resize=1050%2C600 3x"},"classes":[]},{"id":11323,"url":"http:\/\/news-papers.eu\/?p=11323","url_meta":{"origin":14678,"position":2},"title":"#FightingCorona: Erste Daten aus Aachen zu COVID19","author":"Michael Bernhard","date":"April 15, 2020","format":false,"excerpt":"Erste Daten aus Aachen, ganz in der N\u00e4he von Heinsberg, zur Versorgung hospitalisierter COVID 19 Patienten: Dreher M et al. Charakteristik von 50 hospitalisierten COVID-19-Patienten mit und ohne ARDS.\u00a0Dtsch Arztebl Int 2020; 117: 271-8; DOI: 10.3238\/arztebl.2020.0271 Die Kollegen Schlussfolgerung: An COVID-19 erkrankte Patienten mit ARDS weisen vermehrt respiratorische Vorerkrankungen und\u2026","rel":"","context":"In &quot;COVID-19&quot;","block_context":{"text":"COVID-19","link":"http:\/\/news-papers.eu\/?cat=1821"},"img":{"alt_text":"","src":"https:\/\/i0.wp.com\/news-papers.eu\/wp-content\/uploads\/2020\/03\/Daniele-Maccini.jpg?fit=526%2C505&resize=350%2C200","width":350,"height":200,"srcset":"https:\/\/i0.wp.com\/news-papers.eu\/wp-content\/uploads\/2020\/03\/Daniele-Maccini.jpg?fit=526%2C505&resize=350%2C200 1x, https:\/\/i0.wp.com\/news-papers.eu\/wp-content\/uploads\/2020\/03\/Daniele-Maccini.jpg?fit=526%2C505&resize=525%2C300 1.5x"},"classes":[]},{"id":12429,"url":"http:\/\/news-papers.eu\/?p=12429","url_meta":{"origin":14678,"position":3},"title":"Lungen- und Thoraxsonographie bei der COVID-19-Erkrankung","author":"Michael Bernhard","date":"November 11, 2020","format":false,"excerpt":"Die Lungen- und Thoraxsonographie ist neben der Computertomographie und der Labordiagnostik eine weitere Untersuchungsmodalit\u00e4t bei der COVID-19-Erkrankung. Kiefl D et al., Empfehlungen zur Lungen- und Thoraxsonographie bei Patienten mit COVID-19-Erkrankung -\u00a0German recommendations on lung and thoracic ultrasonography in patients with COVID-19. Med Klin Intensivmed Notfmed 2020, online PDF Die Lungen-\u2026","rel":"","context":"In &quot;COVID-19&quot;","block_context":{"text":"COVID-19","link":"http:\/\/news-papers.eu\/?cat=1821"},"img":{"alt_text":"","src":"https:\/\/i0.wp.com\/news-papers.eu\/wp-content\/uploads\/2020\/04\/Sonographie1.jpg?fit=1200%2C900&resize=350%2C200","width":350,"height":200,"srcset":"https:\/\/i0.wp.com\/news-papers.eu\/wp-content\/uploads\/2020\/04\/Sonographie1.jpg?fit=1200%2C900&resize=350%2C200 1x, https:\/\/i0.wp.com\/news-papers.eu\/wp-content\/uploads\/2020\/04\/Sonographie1.jpg?fit=1200%2C900&resize=525%2C300 1.5x, https:\/\/i0.wp.com\/news-papers.eu\/wp-content\/uploads\/2020\/04\/Sonographie1.jpg?fit=1200%2C900&resize=700%2C400 2x, https:\/\/i0.wp.com\/news-papers.eu\/wp-content\/uploads\/2020\/04\/Sonographie1.jpg?fit=1200%2C900&resize=1050%2C600 3x"},"classes":[]},{"id":11278,"url":"http:\/\/news-papers.eu\/?p=11278","url_meta":{"origin":14678,"position":4},"title":"#FightingCorona: AWMF S1 Leitlinie Intensivmedizin bei COVID","author":"Michael Bernhard","date":"April 1, 2020","format":false,"excerpt":"Eine S1 Leitlinie zur intensivmedizinischen Therapie von Patienten mit COVID-19 ist erschienen: Kluge S et al. S1-Empfehlungen zur intensivmedizinischen Therapie von Patienten mit COVID-19. AWMF Reg.: 113\/001 (PDF) Kurzzusammenfassung - Quick Update:\u00a0 Virus: SARS-CoV2 Erkrankung: COVID-19 Diagnostik: Nachweis von SARS-CoV2 aus Rachenabstrich oder Sp\u00fclwasser, ggf. Tracheobronchialsekret Leitsymptom:\u00a0Fieber und Husten Verlauf:\u2026","rel":"","context":"In &quot;COVID-19&quot;","block_context":{"text":"COVID-19","link":"http:\/\/news-papers.eu\/?cat=1821"},"img":{"alt_text":"","src":"https:\/\/i0.wp.com\/news-papers.eu\/wp-content\/uploads\/2020\/04\/Bildschirmfoto-2020-03-29-um-11.43.08.png?fit=518%2C262&resize=350%2C200","width":350,"height":200},"classes":[]},{"id":11311,"url":"http:\/\/news-papers.eu\/?p=11311","url_meta":{"origin":14678,"position":5},"title":"#FightingCorona: Lungensonographie bei COVID19 by Armin Seibel","author":"Michael Bernhard","date":"April 23, 2020","format":false,"excerpt":"Die Sonographieschule um Dr. Armin Seibel hat ein tolles Video zur Lungensonographie bei COVID 19 gedreht (aktualisierte Version): https:\/\/www.youtube.com\/watch?v=hM1LZyBlJbM&feature=youtu.be Link: https:\/\/www.youtube.com\/watch?v=hM1LZyBlJbM&feature=youtu.be und noch ein Beispiel von LIFE in the FASTLANE: https:\/\/litfl.com\/lung-ultrasound-covid-19-cases\/","rel":"","context":"In &quot;COVID-19&quot;","block_context":{"text":"COVID-19","link":"http:\/\/news-papers.eu\/?cat=1821"},"img":{"alt_text":"","src":"https:\/\/i0.wp.com\/img.youtube.com\/vi\/hM1LZyBlJbM\/0.jpg?resize=350%2C200","width":350,"height":200},"classes":[]}],"jetpack_likes_enabled":true,"_links":{"self":[{"href":"http:\/\/news-papers.eu\/index.php?rest_route=\/wp\/v2\/posts\/14678","targetHints":{"allow":["GET"]}}],"collection":[{"href":"http:\/\/news-papers.eu\/index.php?rest_route=\/wp\/v2\/posts"}],"about":[{"href":"http:\/\/news-papers.eu\/index.php?rest_route=\/wp\/v2\/types\/post"}],"author":[{"embeddable":true,"href":"http:\/\/news-papers.eu\/index.php?rest_route=\/wp\/v2\/users\/2"}],"replies":[{"embeddable":true,"href":"http:\/\/news-papers.eu\/index.php?rest_route=%2Fwp%2Fv2%2Fcomments&post=14678"}],"version-history":[{"count":2,"href":"http:\/\/news-papers.eu\/index.php?rest_route=\/wp\/v2\/posts\/14678\/revisions"}],"predecessor-version":[{"id":14681,"href":"http:\/\/news-papers.eu\/index.php?rest_route=\/wp\/v2\/posts\/14678\/revisions\/14681"}],"wp:featuredmedia":[{"embeddable":true,"href":"http:\/\/news-papers.eu\/index.php?rest_route=\/wp\/v2\/media\/14679"}],"wp:attachment":[{"href":"http:\/\/news-papers.eu\/index.php?rest_route=%2Fwp%2Fv2%2Fmedia&parent=14678"}],"wp:term":[{"taxonomy":"category","embeddable":true,"href":"http:\/\/news-papers.eu\/index.php?rest_route=%2Fwp%2Fv2%2Fcategories&post=14678"},{"taxonomy":"post_tag","embeddable":true,"href":"http:\/\/news-papers.eu\/index.php?rest_route=%2Fwp%2Fv2%2Ftags&post=14678"}],"curies":[{"name":"wp","href":"https:\/\/api.w.org\/{rel}","templated":true}]}}