{"id":13094,"date":"2021-02-08T04:48:45","date_gmt":"2021-02-08T03:48:45","guid":{"rendered":"http:\/\/news-papers.eu\/?p=13094"},"modified":"2021-02-05T20:53:24","modified_gmt":"2021-02-05T19:53:24","slug":"13094","status":"publish","type":"post","link":"http:\/\/news-papers.eu\/?p=13094","title":{"rendered":"AGNNW-Fortbildungsprogramm: Reanimation 09.02.2021, 18.00 Uhr"},"content":{"rendered":"<iframe loading=\"lazy\"  id=\"_ytid_75309\"  width=\"1170\" height=\"658\"  data-origwidth=\"1170\" data-origheight=\"658\" src=\"https:\/\/www.youtube.com\/embed\/52JhGu0S2GY?enablejsapi=1&autoplay=0&cc_load_policy=0&cc_lang_pref=&iv_load_policy=1&loop=0&rel=1&fs=1&playsinline=0&autohide=2&theme=dark&color=red&controls=1&disablekb=0&\" class=\"__youtube_prefs__  no-lazyload\" title=\"YouTube player\"  allow=\"fullscreen; accelerometer; autoplay; clipboard-write; encrypted-media; gyroscope; picture-in-picture; web-share\" referrerpolicy=\"strict-origin-when-cross-origin\" allowfullscreen data-no-lazy=\"1\" data-skipgform_ajax_framebjll=\"\"><\/iframe>\n<p style=\"text-align: justify;\"><img data-recalc-dims=\"1\" loading=\"lazy\" decoding=\"async\" data-attachment-id=\"13095\" data-permalink=\"http:\/\/news-papers.eu\/?attachment_id=13095\" data-orig-file=\"https:\/\/i0.wp.com\/news-papers.eu\/wp-content\/uploads\/2021\/02\/Bildschirmfoto-2021-02-05-um-20.51.03-e1612554682492.png?fit=400%2C402\" data-orig-size=\"400,402\" data-comments-opened=\"1\" data-image-meta=\"{&quot;aperture&quot;:&quot;0&quot;,&quot;credit&quot;:&quot;&quot;,&quot;camera&quot;:&quot;&quot;,&quot;caption&quot;:&quot;&quot;,&quot;created_timestamp&quot;:&quot;0&quot;,&quot;copyright&quot;:&quot;&quot;,&quot;focal_length&quot;:&quot;0&quot;,&quot;iso&quot;:&quot;0&quot;,&quot;shutter_speed&quot;:&quot;0&quot;,&quot;title&quot;:&quot;&quot;,&quot;orientation&quot;:&quot;0&quot;}\" data-image-title=\"Bildschirmfoto 2021-02-05 um 20.51.03\" data-image-description=\"\" data-image-caption=\"\" data-large-file=\"https:\/\/i0.wp.com\/news-papers.eu\/wp-content\/uploads\/2021\/02\/Bildschirmfoto-2021-02-05-um-20.51.03-e1612554682492.png?fit=400%2C402\" class=\"size-medium wp-image-13095 alignright\" src=\"https:\/\/i0.wp.com\/news-papers.eu\/wp-content\/uploads\/2021\/02\/Bildschirmfoto-2021-02-05-um-20.51.03.png?resize=298%2C300\" alt=\"\" width=\"298\" height=\"300\" \/><\/p>\n<p style=\"text-align: justify;\">AGNNW-Fortbildungsprogramm als neues Fortbildungsformat :<\/p>\n<blockquote><p><strong>Februarfortbildung:\u00a009.02.2021, 18.00 Uhr, Moderation: Prof. Dr. T. Weber\/Bochum)<br \/>\n<\/strong><strong>Der transatlantische Dialog (Reanimation nach AHA und ERC)<br \/>\n<\/strong><strong>Prof. Dr. JT. Gr\u00e4sner, Institut f\u00fcr\u00a0<\/strong><b>Rettungs- und\u00a0Notfallmedizin, Kiel<\/b><\/p><\/blockquote>\n<p>Melden Sie sich \u00fcber die\u00a0<a href=\"https:\/\/www.agnnw.de\/\"><strong>Homepage der AGNNW<\/strong><\/a>\u00a0f\u00fcr diese Fortbildung an: <a href=\"https:\/\/www.edudip.com\/de\/webinar\/der-transatlantische-dialog-reanimation-nach-nach-aha-und-erc-prof-dr-andreas-bohn-munster\/710896\" target=\"_blank\" rel=\"noopener\"><b>Link zur Einwahl<\/b><\/a><\/p>\n<p><img data-recalc-dims=\"1\" loading=\"lazy\" decoding=\"async\" data-attachment-id=\"13051\" data-permalink=\"http:\/\/news-papers.eu\/?attachment_id=13051\" data-orig-file=\"https:\/\/i0.wp.com\/news-papers.eu\/wp-content\/uploads\/2021\/02\/Bildschirmfoto-2021-01-30-um-13.02.30.png?fit=1018%2C944\" data-orig-size=\"1018,944\" data-comments-opened=\"1\" data-image-meta=\"{&quot;aperture&quot;:&quot;0&quot;,&quot;credit&quot;:&quot;&quot;,&quot;camera&quot;:&quot;&quot;,&quot;caption&quot;:&quot;&quot;,&quot;created_timestamp&quot;:&quot;0&quot;,&quot;copyright&quot;:&quot;&quot;,&quot;focal_length&quot;:&quot;0&quot;,&quot;iso&quot;:&quot;0&quot;,&quot;shutter_speed&quot;:&quot;0&quot;,&quot;title&quot;:&quot;&quot;,&quot;orientation&quot;:&quot;0&quot;}\" data-image-title=\"Bildschirmfoto 2021-01-30 um 13.02.30\" data-image-description=\"\" data-image-caption=\"\" data-large-file=\"https:\/\/i0.wp.com\/news-papers.eu\/wp-content\/uploads\/2021\/02\/Bildschirmfoto-2021-01-30-um-13.02.30.png?fit=1018%2C944\" class=\"alignnone wp-image-13051\" src=\"https:\/\/i0.wp.com\/news-papers.eu\/wp-content\/uploads\/2021\/02\/Bildschirmfoto-2021-01-30-um-13.02.30.png?resize=756%2C701\" alt=\"\" width=\"756\" height=\"701\" srcset=\"https:\/\/i0.wp.com\/news-papers.eu\/wp-content\/uploads\/2021\/02\/Bildschirmfoto-2021-01-30-um-13.02.30.png?resize=300%2C278 300w, https:\/\/i0.wp.com\/news-papers.eu\/wp-content\/uploads\/2021\/02\/Bildschirmfoto-2021-01-30-um-13.02.30.png?resize=768%2C712 768w, https:\/\/i0.wp.com\/news-papers.eu\/wp-content\/uploads\/2021\/02\/Bildschirmfoto-2021-01-30-um-13.02.30.png?resize=750%2C695 750w, https:\/\/i0.wp.com\/news-papers.eu\/wp-content\/uploads\/2021\/02\/Bildschirmfoto-2021-01-30-um-13.02.30.png?w=1018 1018w\" sizes=\"auto, (max-width: 756px) 100vw, 756px\" \/><\/p>\n<p>&nbsp;<\/p>\n","protected":false},"excerpt":{"rendered":"<p>AGNNW-Fortbildungsprogramm als neues Fortbildungsformat : Februarfortbildung:\u00a009.02.2021, 18.00 Uhr, Moderation: Prof. Dr. T. Weber\/Bochum) Der transatlantische Dialog (Reanimation nach AHA und ERC) Prof. Dr. JT. Gr\u00e4sner, Institut f\u00fcr\u00a0Rettungs- und\u00a0Notfallmedizin, Kiel Melden [&hellip;]<\/p>\n","protected":false},"author":2,"featured_media":13095,"comment_status":"open","ping_status":"open","sticky":false,"template":"","format":"standard","meta":{"__cvm_playback_settings":[],"__cvm_video_id":"","jetpack_post_was_ever_published":false,"_jetpack_newsletter_access":"","_jetpack_dont_email_post_to_subs":false,"_jetpack_newsletter_tier_id":0,"_jetpack_memberships_contains_paywalled_content":false,"_jetpack_memberships_contains_paid_content":false,"footnotes":"","jetpack_publicize_message":"","jetpack_publicize_feature_enabled":true,"jetpack_social_post_already_shared":true,"jetpack_social_options":{"image_generator_settings":{"template":"highway","default_image_id":0,"font":"","enabled":false},"version":2},"_wpas_customize_per_network":false},"categories":[30],"tags":[1635,138],"class_list":["post-13094","post","type-post","status-publish","format-standard","has-post-thumbnail","hentry","category-veranstaltungshinweis","tag-agnnw","tag-reanimation"],"jetpack_publicize_connections":[],"jetpack_featured_media_url":"https:\/\/i0.wp.com\/news-papers.eu\/wp-content\/uploads\/2021\/02\/Bildschirmfoto-2021-02-05-um-20.51.03-e1612554682492.png?fit=400%2C402","jetpack_sharing_enabled":true,"jetpack_shortlink":"https:\/\/wp.me\/s7fR2g-13094","jetpack-related-posts":[{"id":12752,"url":"http:\/\/news-papers.eu\/?p=12752","url_meta":{"origin":13094,"position":0},"title":"ONLINE-Monatsfortbildung 02\/2021 der Arbeitsgemeinschaft Not\u00e4rzte in NRW","author":"Michael Bernhard","date":"Februar 4, 2021","format":false,"excerpt":"Regelm\u00e4\u00dfige Fortbildungen sind wichtig, gerade wenn es um Notfallmedizin geht. Die SARS-CoV2 Pandemie zwingt ALLE zum Umdenken, auch hinsichtlich der Fortbildungsm\u00f6glichkeiten f\u00fcr den Rettungs- und Notarztdienst. Vor diesem Hintergrund wird das neu initiierte Fortbildungsprogramm der AGNNW nun ab 2021 einmal im Monat an einem Dienstag um 18.00 Uhr notfallmedizinisch wichtige\u2026","rel":"","context":"In &quot;Veranstaltungshinweis&quot;","block_context":{"text":"Veranstaltungshinweis","link":"http:\/\/news-papers.eu\/?cat=30"},"img":{"alt_text":"","src":"https:\/\/i0.wp.com\/news-papers.eu\/wp-content\/uploads\/2021\/01\/Bildschirmfoto-2021-01-09-um-09.58.15-e1610182709193.png?fit=800%2C517&resize=350%2C200","width":350,"height":200,"srcset":"https:\/\/i0.wp.com\/news-papers.eu\/wp-content\/uploads\/2021\/01\/Bildschirmfoto-2021-01-09-um-09.58.15-e1610182709193.png?fit=800%2C517&resize=350%2C200 1x, https:\/\/i0.wp.com\/news-papers.eu\/wp-content\/uploads\/2021\/01\/Bildschirmfoto-2021-01-09-um-09.58.15-e1610182709193.png?fit=800%2C517&resize=525%2C300 1.5x, https:\/\/i0.wp.com\/news-papers.eu\/wp-content\/uploads\/2021\/01\/Bildschirmfoto-2021-01-09-um-09.58.15-e1610182709193.png?fit=800%2C517&resize=700%2C400 2x"},"classes":[]},{"id":12772,"url":"http:\/\/news-papers.eu\/?p=12772","url_meta":{"origin":13094,"position":1},"title":"ONLINE-Monatsfortbildung 10\/2021 der Arbeitsgemeinschaft Not\u00e4rzte in NRW","author":"Michael Bernhard","date":"September 29, 2021","format":false,"excerpt":"Regelm\u00e4\u00dfige Fortbildungen sind wichtig, gerade wenn es um Notfallmedizin geht. Die SARS-CoV2 Pandemie zwingt ALLE zum Umdenken, auch hinsichtlich der Fortbildungsm\u00f6glichkeiten f\u00fcr den Rettungs- und Notarztdienst. Vor diesem Hintergrund wird das neu initiierte Fortbildungsprogramm der AGNNW nun ab 2021 einmal im Monat an einem Dienstag um 18.00 Uhr notfallmedizinisch wichtige\u2026","rel":"","context":"In &quot;Veranstaltungshinweis&quot;","block_context":{"text":"Veranstaltungshinweis","link":"http:\/\/news-papers.eu\/?cat=30"},"img":{"alt_text":"","src":"https:\/\/i0.wp.com\/news-papers.eu\/wp-content\/uploads\/2021\/01\/Bildschirmfoto-2021-01-09-um-09.58.15-e1610182709193.png?fit=800%2C517&resize=350%2C200","width":350,"height":200,"srcset":"https:\/\/i0.wp.com\/news-papers.eu\/wp-content\/uploads\/2021\/01\/Bildschirmfoto-2021-01-09-um-09.58.15-e1610182709193.png?fit=800%2C517&resize=350%2C200 1x, https:\/\/i0.wp.com\/news-papers.eu\/wp-content\/uploads\/2021\/01\/Bildschirmfoto-2021-01-09-um-09.58.15-e1610182709193.png?fit=800%2C517&resize=525%2C300 1.5x, https:\/\/i0.wp.com\/news-papers.eu\/wp-content\/uploads\/2021\/01\/Bildschirmfoto-2021-01-09-um-09.58.15-e1610182709193.png?fit=800%2C517&resize=700%2C400 2x"},"classes":[]},{"id":12746,"url":"http:\/\/news-papers.eu\/?p=12746","url_meta":{"origin":13094,"position":2},"title":"ONLINE-Monatsfortbildung 01\/2021 der Arbeitsgemeinschaft Not\u00e4rzte in NRW","author":"Michael Bernhard","date":"Januar 14, 2021","format":false,"excerpt":"Regelm\u00e4\u00dfige Fortbildungen sind wichtig, gerade wenn es um Notfallmedizin geht. Die SARS-CoV2 Pandemie zwingt ALLE zum Umdenken, auch hinsichtlich der Fortbildungsm\u00f6glichkeiten f\u00fcr den Rettungs- und Notarztdienst. Vor diesem Hintergrund wird das neu initiierte Fortbildungsprogramm der AGNNW nun ab 2021 einmal im Monat an einem Dienstag um 18.00 Uhr notfallmedizinisch wichtige\u2026","rel":"","context":"In &quot;Veranstaltungshinweis&quot;","block_context":{"text":"Veranstaltungshinweis","link":"http:\/\/news-papers.eu\/?cat=30"},"img":{"alt_text":"","src":"https:\/\/i0.wp.com\/news-papers.eu\/wp-content\/uploads\/2021\/01\/Bildschirmfoto-2021-01-09-um-09.58.15-e1610182709193.png?fit=800%2C517&resize=350%2C200","width":350,"height":200,"srcset":"https:\/\/i0.wp.com\/news-papers.eu\/wp-content\/uploads\/2021\/01\/Bildschirmfoto-2021-01-09-um-09.58.15-e1610182709193.png?fit=800%2C517&resize=350%2C200 1x, https:\/\/i0.wp.com\/news-papers.eu\/wp-content\/uploads\/2021\/01\/Bildschirmfoto-2021-01-09-um-09.58.15-e1610182709193.png?fit=800%2C517&resize=525%2C300 1.5x, https:\/\/i0.wp.com\/news-papers.eu\/wp-content\/uploads\/2021\/01\/Bildschirmfoto-2021-01-09-um-09.58.15-e1610182709193.png?fit=800%2C517&resize=700%2C400 2x"},"classes":[]},{"id":12765,"url":"http:\/\/news-papers.eu\/?p=12765","url_meta":{"origin":13094,"position":3},"title":"ONLINE-Monatsfortbildung 07\/2021 der Arbeitsgemeinschaft Not\u00e4rzte in NRW","author":"Michael Bernhard","date":"Juli 9, 2021","format":false,"excerpt":"Regelm\u00e4\u00dfige Fortbildungen sind wichtig, gerade wenn es um Notfallmedizin geht. Die SARS-CoV2 Pandemie zwingt ALLE zum Umdenken, auch hinsichtlich der Fortbildungsm\u00f6glichkeiten f\u00fcr den Rettungs- und Notarztdienst. Vor diesem Hintergrund wird das neu initiierte Fortbildungsprogramm der AGNNW nun ab 2021 einmal im Monat an einem Dienstag um 18.00 Uhr notfallmedizinisch wichtige\u2026","rel":"","context":"In &quot;Veranstaltungshinweis&quot;","block_context":{"text":"Veranstaltungshinweis","link":"http:\/\/news-papers.eu\/?cat=30"},"img":{"alt_text":"","src":"https:\/\/i0.wp.com\/news-papers.eu\/wp-content\/uploads\/2021\/01\/Bildschirmfoto-2021-01-09-um-09.58.15-e1610182709193.png?fit=800%2C517&resize=350%2C200","width":350,"height":200,"srcset":"https:\/\/i0.wp.com\/news-papers.eu\/wp-content\/uploads\/2021\/01\/Bildschirmfoto-2021-01-09-um-09.58.15-e1610182709193.png?fit=800%2C517&resize=350%2C200 1x, https:\/\/i0.wp.com\/news-papers.eu\/wp-content\/uploads\/2021\/01\/Bildschirmfoto-2021-01-09-um-09.58.15-e1610182709193.png?fit=800%2C517&resize=525%2C300 1.5x, https:\/\/i0.wp.com\/news-papers.eu\/wp-content\/uploads\/2021\/01\/Bildschirmfoto-2021-01-09-um-09.58.15-e1610182709193.png?fit=800%2C517&resize=700%2C400 2x"},"classes":[]},{"id":12774,"url":"http:\/\/news-papers.eu\/?p=12774","url_meta":{"origin":13094,"position":4},"title":"ONLINE-Monatsfortbildung 11\/2021 der Arbeitsgemeinschaft Not\u00e4rzte in NRW","author":"Michael Bernhard","date":"November 11, 2021","format":false,"excerpt":"Regelm\u00e4\u00dfige Fortbildungen sind wichtig, gerade wenn es um Notfallmedizin geht. Die SARS-CoV2 Pandemie zwingt ALLE zum Umdenken, auch hinsichtlich der Fortbildungsm\u00f6glichkeiten f\u00fcr den Rettungs- und Notarztdienst. Vor diesem Hintergrund wird das neu initiierte Fortbildungsprogramm der AGNNW nun ab 2021 einmal im Monat an einem Dienstag um 18.00 Uhr notfallmedizinisch wichtige\u2026","rel":"","context":"In &quot;Veranstaltungshinweis&quot;","block_context":{"text":"Veranstaltungshinweis","link":"http:\/\/news-papers.eu\/?cat=30"},"img":{"alt_text":"","src":"https:\/\/i0.wp.com\/news-papers.eu\/wp-content\/uploads\/2021\/01\/Bildschirmfoto-2021-01-09-um-09.58.15-e1610182709193.png?fit=800%2C517&resize=350%2C200","width":350,"height":200,"srcset":"https:\/\/i0.wp.com\/news-papers.eu\/wp-content\/uploads\/2021\/01\/Bildschirmfoto-2021-01-09-um-09.58.15-e1610182709193.png?fit=800%2C517&resize=350%2C200 1x, https:\/\/i0.wp.com\/news-papers.eu\/wp-content\/uploads\/2021\/01\/Bildschirmfoto-2021-01-09-um-09.58.15-e1610182709193.png?fit=800%2C517&resize=525%2C300 1.5x, https:\/\/i0.wp.com\/news-papers.eu\/wp-content\/uploads\/2021\/01\/Bildschirmfoto-2021-01-09-um-09.58.15-e1610182709193.png?fit=800%2C517&resize=700%2C400 2x"},"classes":[]},{"id":12770,"url":"http:\/\/news-papers.eu\/?p=12770","url_meta":{"origin":13094,"position":5},"title":"ONLINE-Monatsfortbildung 09\/2021 der Arbeitsgemeinschaft Not\u00e4rzte in NRW","author":"Michael Bernhard","date":"September 6, 2021","format":false,"excerpt":"Regelm\u00e4\u00dfige Fortbildungen sind wichtig, gerade wenn es um Notfallmedizin geht. Die SARS-CoV2 Pandemie zwingt ALLE zum Umdenken, auch hinsichtlich der Fortbildungsm\u00f6glichkeiten f\u00fcr den Rettungs- und Notarztdienst. Vor diesem Hintergrund wird das neu initiierte Fortbildungsprogramm der AGNNW nun ab 2021 einmal im Monat an einem Dienstag um 18.00 Uhr notfallmedizinisch wichtige\u2026","rel":"","context":"In &quot;Veranstaltungshinweis&quot;","block_context":{"text":"Veranstaltungshinweis","link":"http:\/\/news-papers.eu\/?cat=30"},"img":{"alt_text":"","src":"https:\/\/i0.wp.com\/news-papers.eu\/wp-content\/uploads\/2020\/12\/Bildschirmfoto-2020-12-20-um-12.56.22-300x145.png?resize=350%2C200","width":350,"height":200},"classes":[]}],"jetpack_likes_enabled":true,"_links":{"self":[{"href":"http:\/\/news-papers.eu\/index.php?rest_route=\/wp\/v2\/posts\/13094","targetHints":{"allow":["GET"]}}],"collection":[{"href":"http:\/\/news-papers.eu\/index.php?rest_route=\/wp\/v2\/posts"}],"about":[{"href":"http:\/\/news-papers.eu\/index.php?rest_route=\/wp\/v2\/types\/post"}],"author":[{"embeddable":true,"href":"http:\/\/news-papers.eu\/index.php?rest_route=\/wp\/v2\/users\/2"}],"replies":[{"embeddable":true,"href":"http:\/\/news-papers.eu\/index.php?rest_route=%2Fwp%2Fv2%2Fcomments&post=13094"}],"version-history":[{"count":3,"href":"http:\/\/news-papers.eu\/index.php?rest_route=\/wp\/v2\/posts\/13094\/revisions"}],"predecessor-version":[{"id":13098,"href":"http:\/\/news-papers.eu\/index.php?rest_route=\/wp\/v2\/posts\/13094\/revisions\/13098"}],"wp:featuredmedia":[{"embeddable":true,"href":"http:\/\/news-papers.eu\/index.php?rest_route=\/wp\/v2\/media\/13095"}],"wp:attachment":[{"href":"http:\/\/news-papers.eu\/index.php?rest_route=%2Fwp%2Fv2%2Fmedia&parent=13094"}],"wp:term":[{"taxonomy":"category","embeddable":true,"href":"http:\/\/news-papers.eu\/index.php?rest_route=%2Fwp%2Fv2%2Fcategories&post=13094"},{"taxonomy":"post_tag","embeddable":true,"href":"http:\/\/news-papers.eu\/index.php?rest_route=%2Fwp%2Fv2%2Ftags&post=13094"}],"curies":[{"name":"wp","href":"https:\/\/api.w.org\/{rel}","templated":true}]}}