{"id":12940,"date":"2021-01-25T04:15:57","date_gmt":"2021-01-25T03:15:57","guid":{"rendered":"http:\/\/news-papers.eu\/?p=12940"},"modified":"2021-01-13T20:19:50","modified_gmt":"2021-01-13T19:19:50","slug":"das-paediatrische-beurteilungsdreieck-einfach-praktisch","status":"publish","type":"post","link":"http:\/\/news-papers.eu\/?p=12940","title":{"rendered":"Das p\u00e4diatrische Beurteilungsdreieck &#8211; Einfach praktisch"},"content":{"rendered":"<p><a href=\"https:\/\/bit.ly\/38lZkQ4\" target=\"_blank\" rel=\"noopener noreferrer\"><img data-recalc-dims=\"1\" loading=\"lazy\" decoding=\"async\" data-attachment-id=\"12941\" data-permalink=\"http:\/\/news-papers.eu\/?attachment_id=12941\" data-orig-file=\"https:\/\/i0.wp.com\/news-papers.eu\/wp-content\/uploads\/2021\/01\/s10049-020-00805-5-3-scaled.jpg?fit=1732%2C2560\" data-orig-size=\"1732,2560\" data-comments-opened=\"1\" data-image-meta=\"{&quot;aperture&quot;:&quot;0&quot;,&quot;credit&quot;:&quot;&quot;,&quot;camera&quot;:&quot;&quot;,&quot;caption&quot;:&quot;&quot;,&quot;created_timestamp&quot;:&quot;0&quot;,&quot;copyright&quot;:&quot;&quot;,&quot;focal_length&quot;:&quot;0&quot;,&quot;iso&quot;:&quot;0&quot;,&quot;shutter_speed&quot;:&quot;0&quot;,&quot;title&quot;:&quot;&quot;,&quot;orientation&quot;:&quot;1&quot;}\" data-image-title=\"s10049-020-00805-5-3\" data-image-description=\"\" data-image-caption=\"\" data-large-file=\"https:\/\/i0.wp.com\/news-papers.eu\/wp-content\/uploads\/2021\/01\/s10049-020-00805-5-3-scaled.jpg?fit=693%2C1024\" class=\"wp-image-12941 aligncenter\" src=\"https:\/\/i0.wp.com\/news-papers.eu\/wp-content\/uploads\/2021\/01\/s10049-020-00805-5-3.jpg?resize=706%2C1043\" alt=\"\" width=\"706\" height=\"1043\" srcset=\"https:\/\/i0.wp.com\/news-papers.eu\/wp-content\/uploads\/2021\/01\/s10049-020-00805-5-3-scaled.jpg?resize=203%2C300 203w, https:\/\/i0.wp.com\/news-papers.eu\/wp-content\/uploads\/2021\/01\/s10049-020-00805-5-3-scaled.jpg?resize=693%2C1024 693w, https:\/\/i0.wp.com\/news-papers.eu\/wp-content\/uploads\/2021\/01\/s10049-020-00805-5-3-scaled.jpg?resize=768%2C1135 768w, https:\/\/i0.wp.com\/news-papers.eu\/wp-content\/uploads\/2021\/01\/s10049-020-00805-5-3-scaled.jpg?resize=1039%2C1536 1039w, https:\/\/i0.wp.com\/news-papers.eu\/wp-content\/uploads\/2021\/01\/s10049-020-00805-5-3-scaled.jpg?resize=1385%2C2048 1385w, https:\/\/i0.wp.com\/news-papers.eu\/wp-content\/uploads\/2021\/01\/s10049-020-00805-5-3-scaled.jpg?resize=750%2C1109 750w, https:\/\/i0.wp.com\/news-papers.eu\/wp-content\/uploads\/2021\/01\/s10049-020-00805-5-3-scaled.jpg?w=1732 1732w\" sizes=\"auto, (max-width: 706px) 100vw, 706px\" \/><\/a><\/p>\n<blockquote><p><strong>Flake F. Einfach und praktisch: das p\u00e4diatrische Beurteilungsdreieck. Notfall Rettungsmed (2020). <\/strong><a href=\"https:\/\/doi.org\/10.1007\/s10049-020-00805-5\"><strong>https:\/\/doi.org\/10.1007\/s10049-020-00805-5<\/strong><\/a><\/p><\/blockquote>\n<p>Der <span lang=\"EN-US\">Link<b><i> <\/i><\/b>zum Beitrag: <\/span><strong><a href=\"https:\/\/bit.ly\/38lZkQ4\" target=\"_blank\" rel=\"noopener noreferrer\"><span lang=\"EN-US\">https:\/\/bit.ly\/38lZkQ4<\/span><\/a> <\/strong><span lang=\"EN-US\"><strong>\u00a0<\/strong>(free access)<\/span><\/p>\n<p>Danke an den Springer-Verlag und Frau Wolff und Frau Seiffert.<\/p>\n","protected":false},"excerpt":{"rendered":"<p>Flake F. Einfach und praktisch: das p\u00e4diatrische Beurteilungsdreieck. Notfall Rettungsmed (2020). https:\/\/doi.org\/10.1007\/s10049-020-00805-5 Der Link zum Beitrag: https:\/\/bit.ly\/38lZkQ4 \u00a0(free access) Danke an den Springer-Verlag und Frau Wolff und Frau Seiffert.<\/p>\n","protected":false},"author":2,"featured_media":12941,"comment_status":"open","ping_status":"open","sticky":false,"template":"","format":"standard","meta":{"__cvm_playback_settings":[],"__cvm_video_id":"","jetpack_post_was_ever_published":false,"_jetpack_newsletter_access":"","_jetpack_dont_email_post_to_subs":false,"_jetpack_newsletter_tier_id":0,"_jetpack_memberships_contains_paywalled_content":false,"_jetpack_memberships_contains_paid_content":false,"footnotes":"","jetpack_publicize_message":"","jetpack_publicize_feature_enabled":true,"jetpack_social_post_already_shared":true,"jetpack_social_options":{"image_generator_settings":{"template":"highway","default_image_id":0,"font":"","enabled":false},"version":2},"_wpas_customize_per_network":false},"categories":[368],"tags":[785],"class_list":["post-12940","post","type-post","status-publish","format-standard","has-post-thumbnail","hentry","category-www-netzressource","tag-kindernotfall"],"jetpack_publicize_connections":[],"jetpack_featured_media_url":"https:\/\/i0.wp.com\/news-papers.eu\/wp-content\/uploads\/2021\/01\/s10049-020-00805-5-3-scaled.jpg?fit=1732%2C2560","jetpack_sharing_enabled":true,"jetpack_shortlink":"https:\/\/wp.me\/p7fR2g-3mI","jetpack-related-posts":[{"id":11535,"url":"http:\/\/news-papers.eu\/?p=11535","url_meta":{"origin":12940,"position":0},"title":"Einfach Praktisch: Diagnostische Lumbalpunktion","author":"Michael Bernhard","date":"Juni 2, 2020","format":false,"excerpt":"Und wieder \"Einfach Praktisch\" aus Notfall Rettungsmedizin: Krehl J (2020) Einfach und praktisch: Diagnostische Lumbalpunktion. Notfall Rettungsmed23, 137\u2013142, https:\/\/doi.org\/10.1007\/s10049-019-00674-7 Herzlichen Dank an Frau Dr. Ines Wolff und den Springer Verlag. Der Beitrag ist nach Registrierung ab dem 02.06.2020 f\u00fcr 2 Wochen zug\u00e4nglich. PDF Des Beitrages: Grafik_Lumbalpunktion \u00a0","rel":"","context":"In &quot;Neurologischer Notfall&quot;","block_context":{"text":"Neurologischer Notfall","link":"http:\/\/news-papers.eu\/?cat=7"},"img":{"alt_text":"","src":"https:\/\/i0.wp.com\/news-papers.eu\/wp-content\/uploads\/2020\/05\/Bildschirmfoto-2020-05-18-um-20.54.30-e1589828093693-214x300.png?resize=350%2C200","width":350,"height":200,"srcset":"https:\/\/i0.wp.com\/news-papers.eu\/wp-content\/uploads\/2020\/05\/Bildschirmfoto-2020-05-18-um-20.54.30-e1589828093693-214x300.png?resize=350%2C200 1x, https:\/\/i0.wp.com\/news-papers.eu\/wp-content\/uploads\/2020\/05\/Bildschirmfoto-2020-05-18-um-20.54.30-e1589828093693-214x300.png?resize=525%2C300 1.5x"},"classes":[]},{"id":9903,"url":"http:\/\/news-papers.eu\/?p=9903","url_meta":{"origin":12940,"position":1},"title":"Einfach praktisch: Beckenverletzung &#038; Beckengurt","author":"Michael Bernhard","date":"Juli 24, 2019","format":false,"excerpt":"In Notfall & Rettungsmedizin ist ein folgender Beitrag erschienen: Barzen S et al. Beckenverletzung, Untersuchung und Anlage des Beckengurts. Notfall Rettungsmedizin 2019\u00a0 Dieser Beitrag steht ab dem 23.07.2019 f\u00fcr 14 Tage kostenfrei (nach Anmeldung) zur Verf\u00fcgung:\u00a0http:\/\/bit.ly\/2JnmSq5 News-papers.eu dankt Frau Dr. Ines Wolff vom Springer-Verlag f\u00fcr die Bereitstellung der Abbildungen.","rel":"","context":"In &quot;www - Netzressource&quot;","block_context":{"text":"www - Netzressource","link":"http:\/\/news-papers.eu\/?cat=368"},"img":{"alt_text":"","src":"https:\/\/i0.wp.com\/news-papers.eu\/wp-content\/uploads\/2019\/07\/Bildschirmfoto-2019-07-16-um-15.39.28.png?resize=350%2C200","width":350,"height":200},"classes":[]},{"id":8944,"url":"http:\/\/news-papers.eu\/?p=8944","url_meta":{"origin":12940,"position":2},"title":"Einfach praktisch: ZVK Anlage","author":"Michael Bernhard","date":"Februar 15, 2019","format":false,"excerpt":"Lesen Sie einmal kostenfrei in den Artikel \"Der zentralven\u00f6se Zugang in der Notfallmedizin - Einfach praktisch\" hinein. Der Artikel kann nach kostenfreier Anmeldung unter\u00a0http:\/\/bit.ly\/2t7MBuP eingesehen werden. Wir danken Frau Dr. Ines Wolff von Notfall & Rettungsmedizin (Springer) f\u00fcr diese M\u00f6glichkeit.","rel":"","context":"In &quot;www - Netzressource&quot;","block_context":{"text":"www - Netzressource","link":"http:\/\/news-papers.eu\/?cat=368"},"img":{"alt_text":"","src":"https:\/\/i0.wp.com\/news-papers.eu\/wp-content\/uploads\/2019\/02\/Bildschirmfoto-2019-02-13-um-20.27.36.png?fit=1200%2C472&resize=350%2C200","width":350,"height":200,"srcset":"https:\/\/i0.wp.com\/news-papers.eu\/wp-content\/uploads\/2019\/02\/Bildschirmfoto-2019-02-13-um-20.27.36.png?fit=1200%2C472&resize=350%2C200 1x, https:\/\/i0.wp.com\/news-papers.eu\/wp-content\/uploads\/2019\/02\/Bildschirmfoto-2019-02-13-um-20.27.36.png?fit=1200%2C472&resize=525%2C300 1.5x, https:\/\/i0.wp.com\/news-papers.eu\/wp-content\/uploads\/2019\/02\/Bildschirmfoto-2019-02-13-um-20.27.36.png?fit=1200%2C472&resize=700%2C400 2x, https:\/\/i0.wp.com\/news-papers.eu\/wp-content\/uploads\/2019\/02\/Bildschirmfoto-2019-02-13-um-20.27.36.png?fit=1200%2C472&resize=1050%2C600 3x"},"classes":[]},{"id":12770,"url":"http:\/\/news-papers.eu\/?p=12770","url_meta":{"origin":12940,"position":3},"title":"ONLINE-Monatsfortbildung 09\/2021 der Arbeitsgemeinschaft Not\u00e4rzte in NRW","author":"Michael Bernhard","date":"September 6, 2021","format":false,"excerpt":"Regelm\u00e4\u00dfige Fortbildungen sind wichtig, gerade wenn es um Notfallmedizin geht. Die SARS-CoV2 Pandemie zwingt ALLE zum Umdenken, auch hinsichtlich der Fortbildungsm\u00f6glichkeiten f\u00fcr den Rettungs- und Notarztdienst. Vor diesem Hintergrund wird das neu initiierte Fortbildungsprogramm der AGNNW nun ab 2021 einmal im Monat an einem Dienstag um 18.00 Uhr notfallmedizinisch wichtige\u2026","rel":"","context":"In &quot;Veranstaltungshinweis&quot;","block_context":{"text":"Veranstaltungshinweis","link":"http:\/\/news-papers.eu\/?cat=30"},"img":{"alt_text":"","src":"https:\/\/i0.wp.com\/news-papers.eu\/wp-content\/uploads\/2020\/12\/Bildschirmfoto-2020-12-20-um-12.56.22-300x145.png?resize=350%2C200","width":350,"height":200},"classes":[]},{"id":13994,"url":"http:\/\/news-papers.eu\/?p=13994","url_meta":{"origin":12940,"position":4},"title":"Einfach Praktisch: Elektrische Kardioversion (eKV)","author":"Michael Bernhard","date":"August 4, 2021","format":false,"excerpt":"Die elektrische Kardioversion (eKV) stellt die Therapie der Wahl bei der instabilen Tachykardie in Pr\u00e4klinik und Krankenhaus dar. Doch kann der Stromsto\u00df wom\u00f6glich zu Eigen- und Fremdgef\u00e4hrdung f\u00fchren? Mit dieser h\u00e4ufigen Sorge r\u00e4umt das aktuelle \u201eeinfach und praktisch\u201c auf. Hier geht\u2019s zur konkreten, leitlinienorientierten Anleitung f\u00fcr die eKV, die auch\u2026","rel":"","context":"In &quot;Kardiovaskul\u00e4rer Notfall&quot;","block_context":{"text":"Kardiovaskul\u00e4rer Notfall","link":"http:\/\/news-papers.eu\/?cat=1079"},"img":{"alt_text":"","src":"https:\/\/i0.wp.com\/news-papers.eu\/wp-content\/uploads\/2021\/07\/Bildschirmfoto-2021-07-26-um-21.09.18-e1627326599882.png?fit=400%2C566&resize=350%2C200","width":350,"height":200},"classes":[]},{"id":17222,"url":"http:\/\/news-papers.eu\/?p=17222","url_meta":{"origin":12940,"position":5},"title":"Umfrage zu gyn\u00e4kologische, p\u00e4diatrische, geburtshilfliche oder neonatologische Notfallpatienten &#8211; Steigen Sie ein und kreuzen Sie an&#8230;","author":"Michael Bernhard","date":"Juli 16, 2023","format":false,"excerpt":"Gyn\u00e4kologische, p\u00e4diatrische, geburtshilfliche oder neonatologische Notfallpatienten durchlaufen bei der Vorstellung in deutschen Krankenh\u00e4usern \u00e4u\u00dferst heterogene Versorgungsprozesse. Diese sind abh\u00e4ngig von den jeweils gewachsenen r\u00e4umlichen, personellen und organisatorischen Strukturen und der Kooperation der Notaufnahmen mit den Fachabteilungen. Diese Befragung der Universit\u00e4tsklinik Augsburg dient zur Erfassung dieser Strukturen und zur quantitativen Bedarfsanalyse\u2026","rel":"","context":"In &quot;Veranstaltungshinweis&quot;","block_context":{"text":"Veranstaltungshinweis","link":"http:\/\/news-papers.eu\/?cat=30"},"img":{"alt_text":"","src":"https:\/\/i0.wp.com\/news-papers.eu\/wp-content\/uploads\/2022\/11\/Umfrage-e1667686237656.png?fit=400%2C267&resize=350%2C200","width":350,"height":200},"classes":[]}],"jetpack_likes_enabled":true,"_links":{"self":[{"href":"http:\/\/news-papers.eu\/index.php?rest_route=\/wp\/v2\/posts\/12940","targetHints":{"allow":["GET"]}}],"collection":[{"href":"http:\/\/news-papers.eu\/index.php?rest_route=\/wp\/v2\/posts"}],"about":[{"href":"http:\/\/news-papers.eu\/index.php?rest_route=\/wp\/v2\/types\/post"}],"author":[{"embeddable":true,"href":"http:\/\/news-papers.eu\/index.php?rest_route=\/wp\/v2\/users\/2"}],"replies":[{"embeddable":true,"href":"http:\/\/news-papers.eu\/index.php?rest_route=%2Fwp%2Fv2%2Fcomments&post=12940"}],"version-history":[{"count":5,"href":"http:\/\/news-papers.eu\/index.php?rest_route=\/wp\/v2\/posts\/12940\/revisions"}],"predecessor-version":[{"id":12946,"href":"http:\/\/news-papers.eu\/index.php?rest_route=\/wp\/v2\/posts\/12940\/revisions\/12946"}],"wp:featuredmedia":[{"embeddable":true,"href":"http:\/\/news-papers.eu\/index.php?rest_route=\/wp\/v2\/media\/12941"}],"wp:attachment":[{"href":"http:\/\/news-papers.eu\/index.php?rest_route=%2Fwp%2Fv2%2Fmedia&parent=12940"}],"wp:term":[{"taxonomy":"category","embeddable":true,"href":"http:\/\/news-papers.eu\/index.php?rest_route=%2Fwp%2Fv2%2Fcategories&post=12940"},{"taxonomy":"post_tag","embeddable":true,"href":"http:\/\/news-papers.eu\/index.php?rest_route=%2Fwp%2Fv2%2Ftags&post=12940"}],"curies":[{"name":"wp","href":"https:\/\/api.w.org\/{rel}","templated":true}]}}