{"id":12246,"date":"2020-10-04T04:09:28","date_gmt":"2020-10-04T02:09:28","guid":{"rendered":"http:\/\/news-papers.eu\/?p=12246"},"modified":"2020-09-25T13:19:51","modified_gmt":"2020-09-25T11:19:51","slug":"ein-leben-ohne-hund-ist-moeglich-aber-sinnlos","status":"publish","type":"post","link":"http:\/\/news-papers.eu\/?p=12246","title":{"rendered":"Ein Leben ohne Hund ist m\u00f6glich, aber sinnlos"},"content":{"rendered":"<p style=\"text-align: justify;\"><strong>Ein Beitrag von PD Dr. J\u00fcrgen Knapp, Bern\/Schweiz<\/strong><\/p>\n<p style=\"text-align: justify;\">Stress bei der Arbeit in der Notaufnahme ist einer der wichtigsten Gr\u00fcnde f\u00fcr Burnout bei Pflegekr\u00e4ften und \u00c4rzten. Daher w\u00e4re es interessant, Wege zur Stressreduktion w\u00e4hrend der Arbeit zu finden. In Academic Emergency Medicine wurde hierzu aktuell eine randomisiert kontrollierte Studie ver\u00f6ffentlicht:<\/p>\n<blockquote><p><strong>Kline <\/strong><strong>JA et al. Randomized Trial of Therapy Dogs Versus Deliberative Coloring (Art Therapy) to Reduce Stress in Emergency Medicine Providers. <\/strong><strong>Acad Emerg Med 2020; 27:266-75;<br \/>\n<\/strong><strong><a href=\"https:\/\/doi.org\/10.1111\/acem.13939\">https:\/\/doi.org\/10.1111\/acem.13939<\/a><\/strong><\/p><\/blockquote>\n<p>Die Studie kurz zusammengefasst:<\/p>\n<p><strong>Methodik:<\/strong><\/p>\n<ul>\n<li style=\"text-align: justify;\">prospektive randomisiert kontrollierte Studie in einer US-amerikanischen Notaufnahme mit 105.000 Patienten pro Jahr<\/li>\n<li style=\"text-align: justify;\">randomisiert wurden insgesamt 122 Pflegekr\u00e4fte und \u00c4rzte\n<ul>\n<li>43 Teilnehmer durften etwa zur Mitte ihrer Schicht 5 min in einem ruhigen Raum mit einem an der Klinik eigentlich f\u00fcr die Patienten angestellten Therapiehund verbringen<\/li>\n<li>40 Teilenehmer durften f\u00fcr 5 min in ruhiger Umgebung Mandalas ihrer Wahl ausmalen<\/li>\n<li>39 Teilnehmer dienten als Kontrollgruppe<\/li>\n<\/ul>\n<\/li>\n<li style=\"text-align: justify;\">zu Beginn der Schicht (T1), 30 min nach der \u201eIntervention\u201c etwa zur Mitte der Schicht und am Ende der Schicht wurde der subjektive Stresslevel anhand einer VAS von 0 bis 100 mm, der Kortisol-Spiegel im Speichel und eine modifizierte Perceived Stress Scale (mPSS) (ein psychologischer Fragebogen zur aktuellen Stressbelastung mit 10 Items, Gesamtpunktzahl von 0 bis 40) gemessen.<\/li>\n<li style=\"text-align: justify;\">zus\u00e4tzlich evaluierten die Patienten der entsprechenden Pflegekr\u00e4fte und \u00c4rzte das empathische Verhalten ihrer Behandler zu den entsprechenden Zeitpunkten<\/li>\n<\/ul>\n<p style=\"text-align: justify;\"><strong>Ergebnisse:<\/strong><\/p>\n<ul style=\"text-align: justify;\">\n<li><a href=\"https:\/\/www.instagram.com\/her_name_is_riobryn\/\"><img data-recalc-dims=\"1\" loading=\"lazy\" decoding=\"async\" data-attachment-id=\"12261\" data-permalink=\"http:\/\/news-papers.eu\/?attachment_id=12261\" data-orig-file=\"https:\/\/i0.wp.com\/news-papers.eu\/wp-content\/uploads\/2020\/10\/Bryn.jpg?fit=1600%2C1200\" data-orig-size=\"1600,1200\" data-comments-opened=\"1\" data-image-meta=\"{&quot;aperture&quot;:&quot;0&quot;,&quot;credit&quot;:&quot;&quot;,&quot;camera&quot;:&quot;&quot;,&quot;caption&quot;:&quot;&quot;,&quot;created_timestamp&quot;:&quot;0&quot;,&quot;copyright&quot;:&quot;&quot;,&quot;focal_length&quot;:&quot;0&quot;,&quot;iso&quot;:&quot;0&quot;,&quot;shutter_speed&quot;:&quot;0&quot;,&quot;title&quot;:&quot;&quot;,&quot;orientation&quot;:&quot;0&quot;}\" data-image-title=\"Bryn\" data-image-description=\"\" data-image-caption=\"\" data-large-file=\"https:\/\/i0.wp.com\/news-papers.eu\/wp-content\/uploads\/2020\/10\/Bryn.jpg?fit=1024%2C768\" class=\"alignright size-medium wp-image-12261\" src=\"https:\/\/i0.wp.com\/news-papers.eu\/wp-content\/uploads\/2020\/10\/Bryn.jpg?resize=300%2C225\" alt=\"Therapiehund\" width=\"300\" height=\"225\" srcset=\"https:\/\/i0.wp.com\/news-papers.eu\/wp-content\/uploads\/2020\/10\/Bryn.jpg?resize=300%2C225 300w, https:\/\/i0.wp.com\/news-papers.eu\/wp-content\/uploads\/2020\/10\/Bryn.jpg?resize=1024%2C768 1024w, https:\/\/i0.wp.com\/news-papers.eu\/wp-content\/uploads\/2020\/10\/Bryn.jpg?resize=768%2C576 768w, https:\/\/i0.wp.com\/news-papers.eu\/wp-content\/uploads\/2020\/10\/Bryn.jpg?resize=1536%2C1152 1536w, https:\/\/i0.wp.com\/news-papers.eu\/wp-content\/uploads\/2020\/10\/Bryn.jpg?resize=750%2C563 750w, https:\/\/i0.wp.com\/news-papers.eu\/wp-content\/uploads\/2020\/10\/Bryn.jpg?w=1600 1600w\" sizes=\"auto, (max-width: 300px) 100vw, 300px\" \/><\/a>zum Ausgangszeitpunkt T1 war die VAS in allen Gruppen gleich: 18,2 (\u00b117,8) mm<\/li>\n<li>bis zum Ende der Schicht (T3) nahm der VAS in der Hunde-Gruppe deutlich ab auf 13,6 mm (p=0,018), in der Mal-Gruppe nahm der Stress-Level gem\u00e4\u00df VAS tendenziell eher zu, in der Kontroll-Gruppe blieb er unver\u00e4ndert<\/li>\n<li>der Kortisol-Spiegel im Speichel war am Ende der Schicht sowohl in der Mal-Gruppe als auch der Hunde-Gruppe deutlich niedriger als in der Kontroll-Gruppe<\/li>\n<li>in den Ergebnissen des Stress-Fragebogens (mPSS) und der Patientenevaluation zeigten sich keine Unterschiede zwischen den Gruppen<\/li>\n<\/ul>\n<p style=\"text-align: justify;\"><strong>Schlussfolgerung der Autoren:<\/strong><\/p>\n<p style=\"text-align: justify;\">Eine nur 5-min\u00fctige Interaktion des Personals einer Notaufnahme mit einem Therapiehund reduziert den subjektiven empfunden und physiologisch gemessen Stress-Level.<\/p>\n<p><strong>\u00a0<\/strong><\/p>\n","protected":false},"excerpt":{"rendered":"<p>Ein Beitrag von PD Dr. J\u00fcrgen Knapp, Bern\/Schweiz Stress bei der Arbeit in der Notaufnahme ist einer der wichtigsten Gr\u00fcnde f\u00fcr Burnout bei Pflegekr\u00e4ften und \u00c4rzten. Daher w\u00e4re es interessant, [&hellip;]<\/p>\n","protected":false},"author":2,"featured_media":12261,"comment_status":"open","ping_status":"open","sticky":false,"template":"","format":"standard","meta":{"__cvm_playback_settings":[],"__cvm_video_id":"","jetpack_post_was_ever_published":false,"_jetpack_newsletter_access":"","_jetpack_dont_email_post_to_subs":false,"_jetpack_newsletter_tier_id":0,"_jetpack_memberships_contains_paywalled_content":false,"_jetpack_memberships_contains_paid_content":false,"footnotes":"","jetpack_publicize_message":"","jetpack_publicize_feature_enabled":true,"jetpack_social_post_already_shared":true,"jetpack_social_options":{"image_generator_settings":{"template":"highway","default_image_id":0,"font":"","enabled":false},"version":2},"_wpas_customize_per_network":false},"categories":[1463],"tags":[1906,1904,1905],"class_list":["post-12246","post","type-post","status-publish","format-standard","has-post-thumbnail","hentry","category-notfallpflege","tag-entspannen","tag-stress","tag-therapiehund"],"jetpack_publicize_connections":[],"jetpack_featured_media_url":"https:\/\/i0.wp.com\/news-papers.eu\/wp-content\/uploads\/2020\/10\/Bryn.jpg?fit=1600%2C1200","jetpack_sharing_enabled":true,"jetpack_shortlink":"https:\/\/wp.me\/p7fR2g-3bw","jetpack-related-posts":[{"id":10963,"url":"http:\/\/news-papers.eu\/?p=10963","url_meta":{"origin":12246,"position":0},"title":"Spontanpneumothorax \u2013 Drainage oder konservativ?","author":"Michael Bernhard","date":"Februar 15, 2020","format":false,"excerpt":"Ein Beitrag von PD Dr. J\u00fcrgen Knapp, Schweiz\/Bern:\u00a0 Der Spontanpneumothorax ist zwar ein nicht ganz so h\u00e4ufiges, daf\u00fcr aber sehr eindr\u00fcckliches Krankheitsbild in der Notfallmedizin. Die Inzidenz liegt f\u00fcr M\u00e4nner bei 25:100.000 Einwohner\/Jahr und f\u00fcr Frauen bei 10:100.000 Einwohner\/Jahr. Das Vorgehen beim Spontanpneumothorax bisher ist bei einer Gr\u00f6\u00dfe von >2\u2026","rel":"","context":"In &quot;Pneumothorax&quot;","block_context":{"text":"Pneumothorax","link":"http:\/\/news-papers.eu\/?cat=583"},"img":{"alt_text":"","src":"https:\/\/i0.wp.com\/news-papers.eu\/wp-content\/uploads\/2017\/11\/Pneumothorax1-300x271.png?resize=350%2C200","width":350,"height":200},"classes":[]},{"id":10611,"url":"http:\/\/news-papers.eu\/?p=10611","url_meta":{"origin":12246,"position":1},"title":"TXA bei Nasenbluten?","author":"Michael Bernhard","date":"Dezember 16, 2019","format":false,"excerpt":"Ein Beitrag von PD Dr. J\u00fcrgen Knapp, Bern\/Schweiz: \u00dcber den Nutzen der topischen Anwendung von Tranexams\u00e4ure (TXA) bei Nasenbluten von Patienten, die unter Therapie mit Thrombozytenhemmern stehen, haben wir bereits in einem fr\u00fcheren Blog-Beitrag berichtet (LINK\u00a0und LINK). Aktuell wurde nun in Annals of Emergency Medicine (einem der hochrangigsten notfallmedizinischen Journals)\u2026","rel":"","context":"In &quot;Blutungsmanagement&quot;","block_context":{"text":"Blutungsmanagement","link":"http:\/\/news-papers.eu\/?cat=1210"},"img":{"alt_text":"","src":"https:\/\/i0.wp.com\/news-papers.eu\/wp-content\/uploads\/2019\/12\/Nasenbluten-e1575921321110.jpg?fit=600%2C433&resize=350%2C200","width":350,"height":200,"srcset":"https:\/\/i0.wp.com\/news-papers.eu\/wp-content\/uploads\/2019\/12\/Nasenbluten-e1575921321110.jpg?fit=600%2C433&resize=350%2C200 1x, https:\/\/i0.wp.com\/news-papers.eu\/wp-content\/uploads\/2019\/12\/Nasenbluten-e1575921321110.jpg?fit=600%2C433&resize=525%2C300 1.5x"},"classes":[]},{"id":11656,"url":"http:\/\/news-papers.eu\/?p=11656","url_meta":{"origin":12246,"position":2},"title":"Radialiskatheter bei S\u00e4uglingen","author":"Michael Bernhard","date":"Juni 21, 2020","format":false,"excerpt":"Ein Beitrag von PD Dr. J\u00fcrgen Knapp, Bern\/Schweiz:\u00a0 In Anesthesiology wird im Juli eine sehr sch\u00f6ne und praxisrelevante Studie zur Anlage eines Radialiskatheters bei S\u00e4uglingen zur invasiven Blutdruckmessung erscheinen. Jang YE et al. Subcutaneous Nitroglycerin for Radial Arterial Catheterization in Pediatric Patients. A Randomized Controlled Trial. Anaesthesiology 2020; DOI: 10.1097\/ALN.0000000000003308\u2026","rel":"","context":"In &quot;Notfalltechnik&quot;","block_context":{"text":"Notfalltechnik","link":"http:\/\/news-papers.eu\/?cat=202"},"img":{"alt_text":"","src":"https:\/\/i0.wp.com\/news-papers.eu\/wp-content\/uploads\/2020\/06\/Radialis-scaled-e1592569536724.jpg?fit=1200%2C900&resize=350%2C200","width":350,"height":200,"srcset":"https:\/\/i0.wp.com\/news-papers.eu\/wp-content\/uploads\/2020\/06\/Radialis-scaled-e1592569536724.jpg?fit=1200%2C900&resize=350%2C200 1x, https:\/\/i0.wp.com\/news-papers.eu\/wp-content\/uploads\/2020\/06\/Radialis-scaled-e1592569536724.jpg?fit=1200%2C900&resize=525%2C300 1.5x, https:\/\/i0.wp.com\/news-papers.eu\/wp-content\/uploads\/2020\/06\/Radialis-scaled-e1592569536724.jpg?fit=1200%2C900&resize=700%2C400 2x, https:\/\/i0.wp.com\/news-papers.eu\/wp-content\/uploads\/2020\/06\/Radialis-scaled-e1592569536724.jpg?fit=1200%2C900&resize=1050%2C600 3x"},"classes":[]},{"id":11335,"url":"http:\/\/news-papers.eu\/?p=11335","url_meta":{"origin":12246,"position":3},"title":"Desmopressin bei Sch\u00e4del-Hirn-Trauma","author":"Michael Bernhard","date":"April 19, 2020","format":false,"excerpt":"Ein Beitrag von PD Dr. J\u00fcrgen Knapp, Bern\/Schweiz: Immer mehr unserer Notfallpatienten nehmen Thrombozytenhemmer als Dauermedikation ein. Wenn diese Patienten ein Sch\u00e4del-Hirn-Trauma (SHT) erleiden (was aufgrund von Stolperst\u00fcrzen mit zunehmendem Alter ebenfalls immer h\u00e4ufiger wird), erscheint die Gabe von Desmopressin zur Steigerung der Thrombozytenfunktion reizvoll. In einer aktuell publizieren Studie\u2026","rel":"","context":"In &quot;Trauma&quot;","block_context":{"text":"Trauma","link":"http:\/\/news-papers.eu\/?cat=6"},"img":{"alt_text":"Gewalt","src":"https:\/\/i0.wp.com\/news-papers.eu\/wp-content\/uploads\/2020\/01\/trauma-3485235_1920.jpg?fit=1200%2C800&resize=350%2C200","width":350,"height":200,"srcset":"https:\/\/i0.wp.com\/news-papers.eu\/wp-content\/uploads\/2020\/01\/trauma-3485235_1920.jpg?fit=1200%2C800&resize=350%2C200 1x, https:\/\/i0.wp.com\/news-papers.eu\/wp-content\/uploads\/2020\/01\/trauma-3485235_1920.jpg?fit=1200%2C800&resize=525%2C300 1.5x, https:\/\/i0.wp.com\/news-papers.eu\/wp-content\/uploads\/2020\/01\/trauma-3485235_1920.jpg?fit=1200%2C800&resize=700%2C400 2x, https:\/\/i0.wp.com\/news-papers.eu\/wp-content\/uploads\/2020\/01\/trauma-3485235_1920.jpg?fit=1200%2C800&resize=1050%2C600 3x"},"classes":[]},{"id":8676,"url":"http:\/\/news-papers.eu\/?p=8676","url_meta":{"origin":12246,"position":4},"title":"Gesunder Menschenverstand vs. Evidenz","author":"Bj\u00f6rn Hossfeld","date":"Dezember 24, 2018","format":false,"excerpt":"Ein gemeinsamer Beitrag von J\u00fcrgen Knapp und Bj\u00f6rn Hossfeld: Die Weihnachtsausgabe des British Medical Journal besch\u00e4ftigt sich seit vielen Jahren augenzwinkernd mit relevanten Fragen der Medizin. Schon in der BMJ-Weihnachtsausgabe des Jahres 2003 stellten Smith und Pell die Frage nach dem Nutzen von Fallschirmen. Smith GCS, Pell JP Parachute use\u2026","rel":"","context":"In &quot;Forschung&quot;","block_context":{"text":"Forschung","link":"http:\/\/news-papers.eu\/?cat=616"},"img":{"alt_text":"","src":"https:\/\/i0.wp.com\/news-papers.eu\/wp-content\/uploads\/2018\/12\/Fallschirm-pixabay.jpg?fit=1200%2C783&resize=350%2C200","width":350,"height":200,"srcset":"https:\/\/i0.wp.com\/news-papers.eu\/wp-content\/uploads\/2018\/12\/Fallschirm-pixabay.jpg?fit=1200%2C783&resize=350%2C200 1x, https:\/\/i0.wp.com\/news-papers.eu\/wp-content\/uploads\/2018\/12\/Fallschirm-pixabay.jpg?fit=1200%2C783&resize=525%2C300 1.5x, https:\/\/i0.wp.com\/news-papers.eu\/wp-content\/uploads\/2018\/12\/Fallschirm-pixabay.jpg?fit=1200%2C783&resize=700%2C400 2x, https:\/\/i0.wp.com\/news-papers.eu\/wp-content\/uploads\/2018\/12\/Fallschirm-pixabay.jpg?fit=1200%2C783&resize=1050%2C600 3x"},"classes":[]},{"id":10311,"url":"http:\/\/news-papers.eu\/?p=10311","url_meta":{"origin":12246,"position":5},"title":"Therapeutische Hypothermie bei nicht defibrillierbarem Rhythmus?","author":"Michael Bernhard","date":"Oktober 4, 2019","format":false,"excerpt":"Ein Beitrag von PD Dr. J\u00fcrgen Knapp, Bern\/Schweiz: Eine weitere Studie, die ich beim HAI zum Thema \u201etargeted temperature management\u201c vorgestellt habe, war der HYPERION trial. Nun wurden die Ergebnisse im New England Journal of Medicine publiziert. Lascarrou JB et al. Targeted Temperature Management for Cardiac Arrest with Nonshockable Rhythm.\u2026","rel":"","context":"In &quot;Reanimatologie&quot;","block_context":{"text":"Reanimatologie","link":"http:\/\/news-papers.eu\/?cat=137"},"img":{"alt_text":"","src":"https:\/\/i0.wp.com\/news-papers.eu\/wp-content\/uploads\/2019\/10\/Eisw%C3%BCrfel.jpg?fit=1200%2C800&resize=350%2C200","width":350,"height":200,"srcset":"https:\/\/i0.wp.com\/news-papers.eu\/wp-content\/uploads\/2019\/10\/Eisw%C3%BCrfel.jpg?fit=1200%2C800&resize=350%2C200 1x, https:\/\/i0.wp.com\/news-papers.eu\/wp-content\/uploads\/2019\/10\/Eisw%C3%BCrfel.jpg?fit=1200%2C800&resize=525%2C300 1.5x, https:\/\/i0.wp.com\/news-papers.eu\/wp-content\/uploads\/2019\/10\/Eisw%C3%BCrfel.jpg?fit=1200%2C800&resize=700%2C400 2x, https:\/\/i0.wp.com\/news-papers.eu\/wp-content\/uploads\/2019\/10\/Eisw%C3%BCrfel.jpg?fit=1200%2C800&resize=1050%2C600 3x"},"classes":[]}],"jetpack_likes_enabled":true,"_links":{"self":[{"href":"http:\/\/news-papers.eu\/index.php?rest_route=\/wp\/v2\/posts\/12246","targetHints":{"allow":["GET"]}}],"collection":[{"href":"http:\/\/news-papers.eu\/index.php?rest_route=\/wp\/v2\/posts"}],"about":[{"href":"http:\/\/news-papers.eu\/index.php?rest_route=\/wp\/v2\/types\/post"}],"author":[{"embeddable":true,"href":"http:\/\/news-papers.eu\/index.php?rest_route=\/wp\/v2\/users\/2"}],"replies":[{"embeddable":true,"href":"http:\/\/news-papers.eu\/index.php?rest_route=%2Fwp%2Fv2%2Fcomments&post=12246"}],"version-history":[{"count":3,"href":"http:\/\/news-papers.eu\/index.php?rest_route=\/wp\/v2\/posts\/12246\/revisions"}],"predecessor-version":[{"id":12264,"href":"http:\/\/news-papers.eu\/index.php?rest_route=\/wp\/v2\/posts\/12246\/revisions\/12264"}],"wp:featuredmedia":[{"embeddable":true,"href":"http:\/\/news-papers.eu\/index.php?rest_route=\/wp\/v2\/media\/12261"}],"wp:attachment":[{"href":"http:\/\/news-papers.eu\/index.php?rest_route=%2Fwp%2Fv2%2Fmedia&parent=12246"}],"wp:term":[{"taxonomy":"category","embeddable":true,"href":"http:\/\/news-papers.eu\/index.php?rest_route=%2Fwp%2Fv2%2Fcategories&post=12246"},{"taxonomy":"post_tag","embeddable":true,"href":"http:\/\/news-papers.eu\/index.php?rest_route=%2Fwp%2Fv2%2Ftags&post=12246"}],"curies":[{"name":"wp","href":"https:\/\/api.w.org\/{rel}","templated":true}]}}