{"id":10708,"date":"2020-01-10T04:02:11","date_gmt":"2020-01-10T03:02:11","guid":{"rendered":"http:\/\/news-papers.eu\/?p=10708"},"modified":"2019-12-25T16:08:58","modified_gmt":"2019-12-25T15:08:58","slug":"bains-online-eu-by-bodensee-symposium-19-20-06-2020","status":"publish","type":"post","link":"http:\/\/news-papers.eu\/?p=10708","title":{"rendered":"BAINS-online.eu by Bodensee Symposium 19.\/20.06.2020"},"content":{"rendered":"<div class=\"page\" title=\"Page 1\">\n<div class=\"layoutArea\"><\/div>\n<\/div>\n<div class=\"page\" title=\"Page 3\">\n<div class=\"layoutArea\">\n<div class=\"column\">\n<p style=\"text-align: justify;\"><img data-recalc-dims=\"1\" loading=\"lazy\" decoding=\"async\" data-attachment-id=\"10710\" data-permalink=\"http:\/\/news-papers.eu\/?attachment_id=10710\" data-orig-file=\"https:\/\/i0.wp.com\/news-papers.eu\/wp-content\/uploads\/2019\/12\/Bildschirmfoto-2019-12-21-um-11.01.10.png?fit=1156%2C996\" data-orig-size=\"1156,996\" data-comments-opened=\"1\" data-image-meta=\"{&quot;aperture&quot;:&quot;0&quot;,&quot;credit&quot;:&quot;&quot;,&quot;camera&quot;:&quot;&quot;,&quot;caption&quot;:&quot;&quot;,&quot;created_timestamp&quot;:&quot;0&quot;,&quot;copyright&quot;:&quot;&quot;,&quot;focal_length&quot;:&quot;0&quot;,&quot;iso&quot;:&quot;0&quot;,&quot;shutter_speed&quot;:&quot;0&quot;,&quot;title&quot;:&quot;&quot;,&quot;orientation&quot;:&quot;0&quot;}\" data-image-title=\"Bildschirmfoto 2019-12-21 um 11.01.10\" data-image-description=\"\" data-image-caption=\"\" data-large-file=\"https:\/\/i0.wp.com\/news-papers.eu\/wp-content\/uploads\/2019\/12\/Bildschirmfoto-2019-12-21-um-11.01.10.png?fit=1024%2C882\" class=\"size-medium wp-image-10710 alignright\" src=\"https:\/\/i0.wp.com\/news-papers.eu\/wp-content\/uploads\/2019\/12\/Bildschirmfoto-2019-12-21-um-11.01.10.png?resize=300%2C258\" alt=\"\" width=\"300\" height=\"258\" srcset=\"https:\/\/i0.wp.com\/news-papers.eu\/wp-content\/uploads\/2019\/12\/Bildschirmfoto-2019-12-21-um-11.01.10.png?resize=300%2C258 300w, https:\/\/i0.wp.com\/news-papers.eu\/wp-content\/uploads\/2019\/12\/Bildschirmfoto-2019-12-21-um-11.01.10.png?resize=1024%2C882 1024w, https:\/\/i0.wp.com\/news-papers.eu\/wp-content\/uploads\/2019\/12\/Bildschirmfoto-2019-12-21-um-11.01.10.png?resize=768%2C662 768w, https:\/\/i0.wp.com\/news-papers.eu\/wp-content\/uploads\/2019\/12\/Bildschirmfoto-2019-12-21-um-11.01.10.png?resize=750%2C646 750w, https:\/\/i0.wp.com\/news-papers.eu\/wp-content\/uploads\/2019\/12\/Bildschirmfoto-2019-12-21-um-11.01.10.png?w=1156 1156w\" sizes=\"auto, (max-width: 300px) 100vw, 300px\" \/>Am <strong>19.\/20.06.2020<\/strong> findet das <strong>Bodensee An\u00e4sthesie-, Notfall-, Intensiv- und Schmerzsymposium<\/strong> in Lindau statt.\u00a0Durch den erfreulich hohen Zuspruch im letzen Jahr bedingt mussten die Veranstalter den Kongressort wechseln. Es ist allerdings dadurch m\u00f6glich ein noch breiter aufgestelltes Programm bieten zu k\u00f6nnen.<\/p>\n<p style=\"text-align: justify;\">Es werden in diesem Jahr mehrere Vortragsreihen durchf\u00fchrt, um noch mehr auf die individuellen Interessen der Teilnehmer eingehen zu k\u00f6nnen. Neben den gro\u00dfen Vortragsreihen An\u00e4sthesie, Intensivmedizin und Schmerztherapie haben wir eine eigene Vortragsreihe f\u00fcr die Notfallmedizin eingef\u00fcgt und auch eine Vortragsreihe speziell f\u00fcr die Interessen des Rettungsdienstpersonals.<\/p>\n<p><a href=\"http:\/\/www.bains-online.eu\" target=\"_blank\" rel=\"noopener noreferrer\"><img data-recalc-dims=\"1\" loading=\"lazy\" decoding=\"async\" data-attachment-id=\"10711\" data-permalink=\"http:\/\/news-papers.eu\/?attachment_id=10711\" data-orig-file=\"https:\/\/i0.wp.com\/news-papers.eu\/wp-content\/uploads\/2019\/12\/Bildschirmfoto-2019-12-21-um-11.01.19.png?fit=870%2C136\" data-orig-size=\"870,136\" data-comments-opened=\"1\" data-image-meta=\"{&quot;aperture&quot;:&quot;0&quot;,&quot;credit&quot;:&quot;&quot;,&quot;camera&quot;:&quot;&quot;,&quot;caption&quot;:&quot;&quot;,&quot;created_timestamp&quot;:&quot;0&quot;,&quot;copyright&quot;:&quot;&quot;,&quot;focal_length&quot;:&quot;0&quot;,&quot;iso&quot;:&quot;0&quot;,&quot;shutter_speed&quot;:&quot;0&quot;,&quot;title&quot;:&quot;&quot;,&quot;orientation&quot;:&quot;0&quot;}\" data-image-title=\"Bildschirmfoto 2019-12-21 um 11.01.19\" data-image-description=\"\" data-image-caption=\"\" data-large-file=\"https:\/\/i0.wp.com\/news-papers.eu\/wp-content\/uploads\/2019\/12\/Bildschirmfoto-2019-12-21-um-11.01.19.png?fit=870%2C136\" class=\"alignnone wp-image-10711\" src=\"https:\/\/i0.wp.com\/news-papers.eu\/wp-content\/uploads\/2019\/12\/Bildschirmfoto-2019-12-21-um-11.01.19.png?resize=702%2C110\" alt=\"\" width=\"702\" height=\"110\" srcset=\"https:\/\/i0.wp.com\/news-papers.eu\/wp-content\/uploads\/2019\/12\/Bildschirmfoto-2019-12-21-um-11.01.19.png?resize=300%2C47 300w, https:\/\/i0.wp.com\/news-papers.eu\/wp-content\/uploads\/2019\/12\/Bildschirmfoto-2019-12-21-um-11.01.19.png?resize=768%2C120 768w, https:\/\/i0.wp.com\/news-papers.eu\/wp-content\/uploads\/2019\/12\/Bildschirmfoto-2019-12-21-um-11.01.19.png?resize=750%2C117 750w, https:\/\/i0.wp.com\/news-papers.eu\/wp-content\/uploads\/2019\/12\/Bildschirmfoto-2019-12-21-um-11.01.19.png?w=870 870w\" sizes=\"auto, (max-width: 702px) 100vw, 702px\" \/><\/a><\/p>\n<\/div>\n<\/div>\n<\/div>\n<p>Flyer: <a href=\"http:\/\/news-papers.eu\/wp-content\/uploads\/2019\/12\/BANIS_2020_Vor-Programm.pdf\"><strong>BANIS_2020_Vor-Programm<\/strong><\/a><\/p>\n","protected":false},"excerpt":{"rendered":"<p>Am 19.\/20.06.2020 findet das Bodensee An\u00e4sthesie-, Notfall-, Intensiv- und Schmerzsymposium in Lindau statt.\u00a0Durch den erfreulich hohen Zuspruch im letzen Jahr bedingt mussten die Veranstalter den Kongressort wechseln. Es ist allerdings [&hellip;]<\/p>\n","protected":false},"author":2,"featured_media":10710,"comment_status":"open","ping_status":"open","sticky":false,"template":"","format":"standard","meta":{"__cvm_playback_settings":[],"__cvm_video_id":"","jetpack_post_was_ever_published":false,"_jetpack_newsletter_access":"","_jetpack_dont_email_post_to_subs":false,"_jetpack_newsletter_tier_id":0,"_jetpack_memberships_contains_paywalled_content":false,"_jetpack_memberships_contains_paid_content":false,"footnotes":"","jetpack_publicize_message":"","jetpack_publicize_feature_enabled":true,"jetpack_social_post_already_shared":true,"jetpack_social_options":{"image_generator_settings":{"template":"highway","default_image_id":0,"font":"","enabled":false},"version":2},"_wpas_customize_per_network":false},"categories":[30],"tags":[1424,1014],"class_list":["post-10708","post","type-post","status-publish","format-standard","has-post-thumbnail","hentry","category-veranstaltungshinweis","tag-bains","tag-bodensee"],"jetpack_publicize_connections":[],"jetpack_featured_media_url":"https:\/\/i0.wp.com\/news-papers.eu\/wp-content\/uploads\/2019\/12\/Bildschirmfoto-2019-12-21-um-11.01.10.png?fit=1156%2C996","jetpack_sharing_enabled":true,"jetpack_shortlink":"https:\/\/wp.me\/p7fR2g-2MI","jetpack-related-posts":[{"id":16921,"url":"http:\/\/news-papers.eu\/?p=16921","url_meta":{"origin":10708,"position":0},"title":"noch 2 Wochen bis zum BANIS","author":"Bj\u00f6rn Hossfeld","date":"April 21, 2023","format":false,"excerpt":"In 14 Tagen findet wieder das Bodensee An\u00e4sthesie Notfall Intensiv Symposium (BANIS) in Lindau am Bodensee statt. BANIS 5.\/6. Mai 2023 Inselhalle, Lindau Schon in den vergangenen Jahren war das BANIS eine \u00fcberaus erfolgreiche interprofessionelle und internationale Veranstaltung mit zuletzt \u00fcber 600 Teilnehmern. Auch f\u00fcr 2023 verspricht das Programm mit\u2026","rel":"","context":"In &quot;Veranstaltungshinweis&quot;","block_context":{"text":"Veranstaltungshinweis","link":"http:\/\/news-papers.eu\/?cat=30"},"img":{"alt_text":"","src":"https:\/\/i0.wp.com\/news-papers.eu\/wp-content\/uploads\/2023\/04\/Lindau-bei-Nacht-scaled.jpg?fit=873%2C1200&resize=350%2C200","width":350,"height":200,"srcset":"https:\/\/i0.wp.com\/news-papers.eu\/wp-content\/uploads\/2023\/04\/Lindau-bei-Nacht-scaled.jpg?fit=873%2C1200&resize=350%2C200 1x, https:\/\/i0.wp.com\/news-papers.eu\/wp-content\/uploads\/2023\/04\/Lindau-bei-Nacht-scaled.jpg?fit=873%2C1200&resize=525%2C300 1.5x, https:\/\/i0.wp.com\/news-papers.eu\/wp-content\/uploads\/2023\/04\/Lindau-bei-Nacht-scaled.jpg?fit=873%2C1200&resize=700%2C400 2x"},"classes":[]},{"id":4722,"url":"http:\/\/news-papers.eu\/?p=4722","url_meta":{"origin":10708,"position":1},"title":"Bodensee An\u00e4sthesie-Symposium Friedrichshafen, Samstag, den 8.7.2017","author":"Michael Bernhard","date":"Mai 16, 2017","format":false,"excerpt":"Anbei d\u00fcrfen wir auf eine interessante Fortbildungsveranstaltung am Bodensee hinweisen: An\u00e4sthesie-Symposium\u00a0Friedrichshafen, Samstag, den 08.07.2017. Tagungsleiter:\u00a0Prof. Dr. Volker Wenzel Veranstaltungsort:\u00a0Auditorium im Klinikum Friedrichshafen, R\u00f6ntgenstrasse 2, D-88048 Friedrichshafen, Telefon\u00a007541 96-0 Anmeldung:\u00a0Heidrun L\u00fctje, Klinikum Friedrichshafen, Klinik f\u00fcr An\u00e4sthesie, Intensivmedizin, Notfallmedizin und\u00a0Schmerztherapie, Medizin Campus Bodensee, R\u00f6ntgenstr. 2, D-88048 Friedrichshafen, Email:\u00a0h.luetje@klinikum-fn.de Telefon +49 7541 96-1391.\u2026","rel":"","context":"In &quot;Veranstaltungshinweis&quot;","block_context":{"text":"Veranstaltungshinweis","link":"http:\/\/news-papers.eu\/?cat=30"},"img":{"alt_text":"","src":"https:\/\/i0.wp.com\/news-papers.eu\/wp-content\/uploads\/2017\/05\/Bodensee2.jpg?fit=1123%2C737&resize=350%2C200","width":350,"height":200,"srcset":"https:\/\/i0.wp.com\/news-papers.eu\/wp-content\/uploads\/2017\/05\/Bodensee2.jpg?fit=1123%2C737&resize=350%2C200 1x, https:\/\/i0.wp.com\/news-papers.eu\/wp-content\/uploads\/2017\/05\/Bodensee2.jpg?fit=1123%2C737&resize=525%2C300 1.5x, https:\/\/i0.wp.com\/news-papers.eu\/wp-content\/uploads\/2017\/05\/Bodensee2.jpg?fit=1123%2C737&resize=700%2C400 2x, https:\/\/i0.wp.com\/news-papers.eu\/wp-content\/uploads\/2017\/05\/Bodensee2.jpg?fit=1123%2C737&resize=1050%2C600 3x"},"classes":[]},{"id":18088,"url":"http:\/\/news-papers.eu\/?p=18088","url_meta":{"origin":10708,"position":2},"title":"Bodensee An\u00e4sthesie Notfall Intensiv Symposium in Lindau (Bodensee) 7.\/8. Juni 2024","author":"Michael Bernhard","date":"M\u00e4rz 20, 2024","format":false,"excerpt":"Link: BANIS_Programm_2024_Einzelseiten_FINAL","rel":"","context":"In &quot;Veranstaltungshinweis&quot;","block_context":{"text":"Veranstaltungshinweis","link":"http:\/\/news-papers.eu\/?cat=30"},"img":{"alt_text":"","src":"https:\/\/i0.wp.com\/news-papers.eu\/wp-content\/uploads\/2024\/03\/Bildschirmfoto-2024-03-19-um-17.14.39.png?fit=615%2C1200&resize=350%2C200","width":350,"height":200,"srcset":"https:\/\/i0.wp.com\/news-papers.eu\/wp-content\/uploads\/2024\/03\/Bildschirmfoto-2024-03-19-um-17.14.39.png?fit=615%2C1200&resize=350%2C200 1x, https:\/\/i0.wp.com\/news-papers.eu\/wp-content\/uploads\/2024\/03\/Bildschirmfoto-2024-03-19-um-17.14.39.png?fit=615%2C1200&resize=525%2C300 1.5x"},"classes":[]},{"id":15453,"url":"http:\/\/news-papers.eu\/?p=15453","url_meta":{"origin":10708,"position":3},"title":"Bodensee An\u00e4sthesie Intensiv Notfall Symposium am 8.\/9. Juli 2022","author":"Michael Bernhard","date":"Mai 14, 2022","format":false,"excerpt":"Hier das Programm des BAINS: BANIS2022_Programm_FINAL","rel":"","context":"In &quot;Veranstaltungshinweis&quot;","block_context":{"text":"Veranstaltungshinweis","link":"http:\/\/news-papers.eu\/?cat=30"},"img":{"alt_text":"","src":"https:\/\/i0.wp.com\/news-papers.eu\/wp-content\/uploads\/2022\/05\/Bildschirmfoto-2022-05-10-um-21.30.51.png?fit=1200%2C1085&resize=350%2C200","width":350,"height":200,"srcset":"https:\/\/i0.wp.com\/news-papers.eu\/wp-content\/uploads\/2022\/05\/Bildschirmfoto-2022-05-10-um-21.30.51.png?fit=1200%2C1085&resize=350%2C200 1x, https:\/\/i0.wp.com\/news-papers.eu\/wp-content\/uploads\/2022\/05\/Bildschirmfoto-2022-05-10-um-21.30.51.png?fit=1200%2C1085&resize=525%2C300 1.5x, https:\/\/i0.wp.com\/news-papers.eu\/wp-content\/uploads\/2022\/05\/Bildschirmfoto-2022-05-10-um-21.30.51.png?fit=1200%2C1085&resize=700%2C400 2x, https:\/\/i0.wp.com\/news-papers.eu\/wp-content\/uploads\/2022\/05\/Bildschirmfoto-2022-05-10-um-21.30.51.png?fit=1200%2C1085&resize=1050%2C600 3x"},"classes":[]},{"id":9729,"url":"http:\/\/news-papers.eu\/?p=9729","url_meta":{"origin":10708,"position":4},"title":"BAINS Bodensee-Symposium vom 19.-20.07.2019","author":"Michael Bernhard","date":"Juni 13, 2019","format":false,"excerpt":"BAINS Bodensee-Symposium vom 19.-20.07.2019 im Kultur- und Congress-Centrum Graf-Zeppelin-Haus, Friedrichshafen: Ein wirklich tolles Programm, das Lust zum teilnehmen macht: www.bains-online.eu Programm:\u00a0BANIS_2019_Programm FINAL","rel":"","context":"In &quot;allgemein&quot;","block_context":{"text":"allgemein","link":"http:\/\/news-papers.eu\/?cat=2"},"img":{"alt_text":"","src":"https:\/\/i0.wp.com\/news-papers.eu\/wp-content\/uploads\/2019\/06\/Bildschirmfoto-2019-06-12-um-20.01.23-300x110.png?resize=350%2C200","width":350,"height":200,"srcset":"https:\/\/i0.wp.com\/news-papers.eu\/wp-content\/uploads\/2019\/06\/Bildschirmfoto-2019-06-12-um-20.01.23-300x110.png?resize=350%2C200 1x, https:\/\/i0.wp.com\/news-papers.eu\/wp-content\/uploads\/2019\/06\/Bildschirmfoto-2019-06-12-um-20.01.23-300x110.png?resize=525%2C300 1.5x, https:\/\/i0.wp.com\/news-papers.eu\/wp-content\/uploads\/2019\/06\/Bildschirmfoto-2019-06-12-um-20.01.23-300x110.png?resize=700%2C400 2x"},"classes":[]},{"id":20314,"url":"http:\/\/news-papers.eu\/?p=20314","url_meta":{"origin":10708,"position":5},"title":"BAINS 08.-09.05.2026 Lindau am Bodensee","author":"Michael Bernhard","date":"Januar 23, 2026","format":false,"excerpt":"Programmflyer: BANIS_Programm_2026 BANIS Programm ist online \u00a0und die Anmeldung ist er\u00f6ffnet (www.BANIS-online.eu) .","rel":"","context":"In &quot;Veranstaltungshinweis&quot;","block_context":{"text":"Veranstaltungshinweis","link":"http:\/\/news-papers.eu\/?cat=30"},"img":{"alt_text":"","src":"https:\/\/i0.wp.com\/news-papers.eu\/wp-content\/uploads\/2026\/01\/Bildschirmfoto-2026-01-22-um-09.19.19.png?fit=810%2C1200&resize=350%2C200","width":350,"height":200,"srcset":"https:\/\/i0.wp.com\/news-papers.eu\/wp-content\/uploads\/2026\/01\/Bildschirmfoto-2026-01-22-um-09.19.19.png?fit=810%2C1200&resize=350%2C200 1x, https:\/\/i0.wp.com\/news-papers.eu\/wp-content\/uploads\/2026\/01\/Bildschirmfoto-2026-01-22-um-09.19.19.png?fit=810%2C1200&resize=525%2C300 1.5x, https:\/\/i0.wp.com\/news-papers.eu\/wp-content\/uploads\/2026\/01\/Bildschirmfoto-2026-01-22-um-09.19.19.png?fit=810%2C1200&resize=700%2C400 2x"},"classes":[]}],"jetpack_likes_enabled":true,"_links":{"self":[{"href":"http:\/\/news-papers.eu\/index.php?rest_route=\/wp\/v2\/posts\/10708","targetHints":{"allow":["GET"]}}],"collection":[{"href":"http:\/\/news-papers.eu\/index.php?rest_route=\/wp\/v2\/posts"}],"about":[{"href":"http:\/\/news-papers.eu\/index.php?rest_route=\/wp\/v2\/types\/post"}],"author":[{"embeddable":true,"href":"http:\/\/news-papers.eu\/index.php?rest_route=\/wp\/v2\/users\/2"}],"replies":[{"embeddable":true,"href":"http:\/\/news-papers.eu\/index.php?rest_route=%2Fwp%2Fv2%2Fcomments&post=10708"}],"version-history":[{"count":2,"href":"http:\/\/news-papers.eu\/index.php?rest_route=\/wp\/v2\/posts\/10708\/revisions"}],"predecessor-version":[{"id":10713,"href":"http:\/\/news-papers.eu\/index.php?rest_route=\/wp\/v2\/posts\/10708\/revisions\/10713"}],"wp:featuredmedia":[{"embeddable":true,"href":"http:\/\/news-papers.eu\/index.php?rest_route=\/wp\/v2\/media\/10710"}],"wp:attachment":[{"href":"http:\/\/news-papers.eu\/index.php?rest_route=%2Fwp%2Fv2%2Fmedia&parent=10708"}],"wp:term":[{"taxonomy":"category","embeddable":true,"href":"http:\/\/news-papers.eu\/index.php?rest_route=%2Fwp%2Fv2%2Fcategories&post=10708"},{"taxonomy":"post_tag","embeddable":true,"href":"http:\/\/news-papers.eu\/index.php?rest_route=%2Fwp%2Fv2%2Ftags&post=10708"}],"curies":[{"name":"wp","href":"https:\/\/api.w.org\/{rel}","templated":true}]}}