{"id":10696,"date":"2020-01-09T04:30:40","date_gmt":"2020-01-09T03:30:40","guid":{"rendered":"http:\/\/news-papers.eu\/?p=10696"},"modified":"2019-12-25T16:07:20","modified_gmt":"2019-12-25T15:07:20","slug":"combat-medical-care","status":"publish","type":"post","link":"http:\/\/news-papers.eu\/?p=10696","title":{"rendered":"Combat Medical Care Conference"},"content":{"rendered":"<p style=\"text-align: justify;\">Bereits dreimal hat das Bundeswehrkrankenhaus Ulm gemeinsam mit der Deutschen Gesellschaft f\u00fcr Wehrmedizin und Wehrpharmazie (<a href=\"https:\/\/dgwmp.de\/deutsche_gesellschaft_fuer_wehrmedizin_und_wehrpharmazie_vdso_fortbildung_weiterbildung.html\" target=\"_blank\" rel=\"noopener noreferrer\">DGWMP<\/a>), der <a href=\"https:\/\/www.trema-europe.de\/\" target=\"_blank\" rel=\"noopener noreferrer\">TREMA<\/a> und <a href=\"http:\/\/traumateam.de\/\" target=\"_blank\" rel=\"noopener noreferrer\">traumateam e.V.<\/a> Referenten und zuletzt mehr als 1300 Teilnehmer aus aller Welt nach Neu-Ulm geholt, um sich \u00fcber die notfallmedizinische Versorgung in taktischen Lagen auszutauschen.<\/p>\n<blockquote>\n<p style=\"text-align: justify;\">Damit ist die <strong>Combat <span style=\"color: #ff0000;\">Medical<\/span> Care Conference<\/strong> die gr\u00f6\u00dfte Tagung im Bereich der taktischen Medizin au\u00dferhalb der USA.<\/p>\n<\/blockquote>\n<p style=\"text-align: justify;\"><a href=\"http:\/\/news-papers.eu\/wp-content\/uploads\/2019\/12\/CMC-2020-Save-the-date-dt.pdf\" target=\"_blank\" rel=\"noopener noreferrer\"><img data-recalc-dims=\"1\" loading=\"lazy\" decoding=\"async\" data-attachment-id=\"10698\" data-permalink=\"http:\/\/news-papers.eu\/?attachment_id=10698\" data-orig-file=\"https:\/\/i0.wp.com\/news-papers.eu\/wp-content\/uploads\/2019\/12\/CMC-2020.png?fit=1010%2C1416\" data-orig-size=\"1010,1416\" data-comments-opened=\"1\" data-image-meta=\"{&quot;aperture&quot;:&quot;0&quot;,&quot;credit&quot;:&quot;&quot;,&quot;camera&quot;:&quot;&quot;,&quot;caption&quot;:&quot;&quot;,&quot;created_timestamp&quot;:&quot;0&quot;,&quot;copyright&quot;:&quot;&quot;,&quot;focal_length&quot;:&quot;0&quot;,&quot;iso&quot;:&quot;0&quot;,&quot;shutter_speed&quot;:&quot;0&quot;,&quot;title&quot;:&quot;&quot;,&quot;orientation&quot;:&quot;0&quot;}\" data-image-title=\"CMC 2020\" data-image-description=\"\" data-image-caption=\"\" data-large-file=\"https:\/\/i0.wp.com\/news-papers.eu\/wp-content\/uploads\/2019\/12\/CMC-2020.png?fit=730%2C1024\" class=\"alignright wp-image-10698\" src=\"https:\/\/i0.wp.com\/news-papers.eu\/wp-content\/uploads\/2019\/12\/CMC-2020.png?resize=288%2C403\" alt=\"\" width=\"288\" height=\"403\" srcset=\"https:\/\/i0.wp.com\/news-papers.eu\/wp-content\/uploads\/2019\/12\/CMC-2020.png?resize=214%2C300 214w, https:\/\/i0.wp.com\/news-papers.eu\/wp-content\/uploads\/2019\/12\/CMC-2020.png?resize=730%2C1024 730w, https:\/\/i0.wp.com\/news-papers.eu\/wp-content\/uploads\/2019\/12\/CMC-2020.png?resize=768%2C1077 768w, https:\/\/i0.wp.com\/news-papers.eu\/wp-content\/uploads\/2019\/12\/CMC-2020.png?resize=750%2C1051 750w, https:\/\/i0.wp.com\/news-papers.eu\/wp-content\/uploads\/2019\/12\/CMC-2020.png?w=1010 1010w\" sizes=\"auto, (max-width: 288px) 100vw, 288px\" \/><\/a>Auch in j\u00fcngster Vergangenheit haben sich in Europa wieder terroristischen Anschl\u00e4ge ereignet, welche die Versorgung unter solchen extremen taktischen Bedingungen auch f\u00fcr im zivilen Rettungsdienst t\u00e4tige immer wichtiger machen. Deshalb profitieren Polizei und zivile Notfallmedizin seit einigen Jahren schon von den Erfahrungen und Versorgungsalgorithmen des Milit\u00e4rs. Die taktische Verwundetenversorgung von Soldaten in den milit\u00e4rischen Einsatzgebieten vom Ort der Verwundung durch gut ausgebildetes \u201eNicht-Sanit\u00e4tspersonal\u201c bis zur qualifizierten sanit\u00e4tsdienstlichen Versorgung und Evakuierung ist daher genauso ein Schwerpunkt dieser Tagung, wie der Transfer dieser erfahrungen in das zivile Umfeld.<\/p>\n<p style=\"text-align: justify;\">Unter dem diesj\u00e4hrigen Motto \u201e<em>now, more than ever<\/em>\u201c wird<\/p>\n<blockquote>\n<p style=\"text-align: justify;\"><strong>am 1.+ 2. Juli 2020\u00a0<\/strong> <strong>in Neu-Ulm<\/strong><\/p>\n<\/blockquote>\n<p style=\"text-align: justify;\">eine einmalige internationale Plattform geboten auf der sich Milit\u00e4r, Strafverfolgungsbeh\u00f6rden, Katastrophenmedizin, Rettungsdienst und Industrie zum Thema der taktischen Medizin austauschen und Erfahrungen teilen k\u00f6nnen.<\/p>\n<p style=\"text-align: justify;\">Die <a href=\"https:\/\/cmc-conference.de\/2020_registration.php?translate=0\" target=\"_blank\" rel=\"noopener noreferrer\">Anmeldung<\/a> ist bereits m\u00f6glich.<\/p>\n","protected":false},"excerpt":{"rendered":"<p>Bereits dreimal hat das Bundeswehrkrankenhaus Ulm gemeinsam mit der Deutschen Gesellschaft f\u00fcr Wehrmedizin und Wehrpharmazie (DGWMP), der TREMA und traumateam e.V. Referenten und zuletzt mehr als 1300 Teilnehmer aus aller [&hellip;]<\/p>\n","protected":false},"author":1,"featured_media":401,"comment_status":"open","ping_status":"open","sticky":false,"template":"","format":"standard","meta":{"__cvm_playback_settings":[],"__cvm_video_id":"","jetpack_post_was_ever_published":false,"_jetpack_newsletter_access":"","_jetpack_dont_email_post_to_subs":false,"_jetpack_newsletter_tier_id":0,"_jetpack_memberships_contains_paywalled_content":false,"_jetpack_memberships_contains_paid_content":false,"footnotes":"","jetpack_publicize_message":"","jetpack_publicize_feature_enabled":true,"jetpack_social_post_already_shared":true,"jetpack_social_options":{"image_generator_settings":{"template":"highway","default_image_id":0,"font":"","enabled":false},"version":2},"_wpas_customize_per_network":false},"categories":[30],"tags":[1778,1779,460,1522,1341],"class_list":["post-10696","post","type-post","status-publish","format-standard","has-post-thumbnail","hentry","category-veranstaltungshinweis","tag-bedrohliche-einsatzlagen","tag-rebel","tag-taktische-medizin","tag-terror-und-amoklagen","tag-terroristische-lagen"],"jetpack_publicize_connections":[],"jetpack_featured_media_url":"https:\/\/i0.wp.com\/news-papers.eu\/wp-content\/uploads\/2016\/02\/CMC-logo.jpg?fit=1770%2C1133","jetpack_sharing_enabled":true,"jetpack_shortlink":"https:\/\/wp.me\/p7fR2g-2Mw","jetpack-related-posts":[{"id":19656,"url":"http:\/\/news-papers.eu\/?p=19656","url_meta":{"origin":10696,"position":0},"title":"Combat Medical Care","author":"Bj\u00f6rn Hossfeld","date":"Mai 22, 2025","format":false,"excerpt":"Unter dem Motto \"All for one\" findet am 2. und 3. Juli 2025 wieder die\u00a0 Combat Medical Care (CMC) Conference in Blaubeuren bei Ulm statt. Das Organisationsteam aus dem Dept. f\u00fcr An\u00e4sthesiologie, Intensivmedizin, Notfallmedizin u. Schmerzmedizin des Ulmer Bundeswehrkrankenhauses erwartet auch in diesem Jahr mehr als\u00a0 1.300 internationale Teilnehmer aus\u2026","rel":"","context":"In &quot;Veranstaltungshinweis&quot;","block_context":{"text":"Veranstaltungshinweis","link":"http:\/\/news-papers.eu\/?cat=30"},"img":{"alt_text":"","src":"https:\/\/i0.wp.com\/news-papers.eu\/wp-content\/uploads\/2016\/02\/CMC-logo.jpg?fit=1200%2C768&resize=350%2C200","width":350,"height":200,"srcset":"https:\/\/i0.wp.com\/news-papers.eu\/wp-content\/uploads\/2016\/02\/CMC-logo.jpg?fit=1200%2C768&resize=350%2C200 1x, https:\/\/i0.wp.com\/news-papers.eu\/wp-content\/uploads\/2016\/02\/CMC-logo.jpg?fit=1200%2C768&resize=525%2C300 1.5x, https:\/\/i0.wp.com\/news-papers.eu\/wp-content\/uploads\/2016\/02\/CMC-logo.jpg?fit=1200%2C768&resize=700%2C400 2x, https:\/\/i0.wp.com\/news-papers.eu\/wp-content\/uploads\/2016\/02\/CMC-logo.jpg?fit=1200%2C768&resize=1050%2C600 3x"},"classes":[]},{"id":11839,"url":"http:\/\/news-papers.eu\/?p=11839","url_meta":{"origin":10696,"position":1},"title":"Sonderheft zur &#8222;Taktischen Medizin&#8220;","author":"Bj\u00f6rn Hossfeld","date":"Juli 26, 2020","format":false,"excerpt":"Da die internationale CMC (Combat Medical Care)-Conference in Neu-Ulm wegen der COVID-Pandemie um ein Jahr auf den 29.\/30 Juni 2021 verschoben werden musste, fehlt eine der wichtigsten Plattformen f\u00fcr den pers\u00f6nlichen Informations- und Wissenschaftsaustausch bei der taktischen Wundversorgung in diesem Jahr komplett. Daher haben die Veranstalter (DGWMP, TREMA, traumateam) gemeinsam\u2026","rel":"","context":"In &quot;Taktische Medizin&quot;","block_context":{"text":"Taktische Medizin","link":"http:\/\/news-papers.eu\/?cat=25"},"img":{"alt_text":"","src":"https:\/\/i0.wp.com\/news-papers.eu\/wp-content\/uploads\/2016\/02\/CMC-logo.jpg?fit=1200%2C768&resize=350%2C200","width":350,"height":200,"srcset":"https:\/\/i0.wp.com\/news-papers.eu\/wp-content\/uploads\/2016\/02\/CMC-logo.jpg?fit=1200%2C768&resize=350%2C200 1x, https:\/\/i0.wp.com\/news-papers.eu\/wp-content\/uploads\/2016\/02\/CMC-logo.jpg?fit=1200%2C768&resize=525%2C300 1.5x, https:\/\/i0.wp.com\/news-papers.eu\/wp-content\/uploads\/2016\/02\/CMC-logo.jpg?fit=1200%2C768&resize=700%2C400 2x, https:\/\/i0.wp.com\/news-papers.eu\/wp-content\/uploads\/2016\/02\/CMC-logo.jpg?fit=1200%2C768&resize=1050%2C600 3x"},"classes":[]},{"id":17183,"url":"http:\/\/news-papers.eu\/?p=17183","url_meta":{"origin":10696,"position":2},"title":"CMC-Conference: Taktische Medizin um Ulm","author":"Bj\u00f6rn Hossfeld","date":"Juni 14, 2023","format":false,"excerpt":"In der ersten Juli-Woche findet mit der Combat Medical Care (CMC) Conference wieder das gr\u00f6\u00dfte internationale Symposium zur Taktischen Verwundetenversorgung au\u00dferhalb der USA statt. Erwartet werden im Tagungszentrum Blaubeuren \u00fcber 1.000 Medics, Rettungs- und Pflegekr\u00e4fte sowie \u00c4rzte aus Milit\u00e4r-, Polizei- und Rettungsdienst von \u00fcber 30 Nationen. am 5. und 6.\u2026","rel":"","context":"In &quot;Taktische Medizin&quot;","block_context":{"text":"Taktische Medizin","link":"http:\/\/news-papers.eu\/?cat=25"},"img":{"alt_text":"","src":"https:\/\/i0.wp.com\/news-papers.eu\/wp-content\/uploads\/2016\/02\/CMC-logo.jpg?fit=1200%2C768&resize=350%2C200","width":350,"height":200,"srcset":"https:\/\/i0.wp.com\/news-papers.eu\/wp-content\/uploads\/2016\/02\/CMC-logo.jpg?fit=1200%2C768&resize=350%2C200 1x, https:\/\/i0.wp.com\/news-papers.eu\/wp-content\/uploads\/2016\/02\/CMC-logo.jpg?fit=1200%2C768&resize=525%2C300 1.5x, https:\/\/i0.wp.com\/news-papers.eu\/wp-content\/uploads\/2016\/02\/CMC-logo.jpg?fit=1200%2C768&resize=700%2C400 2x, https:\/\/i0.wp.com\/news-papers.eu\/wp-content\/uploads\/2016\/02\/CMC-logo.jpg?fit=1200%2C768&resize=1050%2C600 3x"},"classes":[]},{"id":17195,"url":"http:\/\/news-papers.eu\/?p=17195","url_meta":{"origin":10696,"position":3},"title":"zwei Wochen bis zur Combat Medical Care Conference","author":"Bj\u00f6rn Hossfeld","date":"Juni 20, 2023","format":false,"excerpt":"Die Combat Medical Care (CMC) -Conference ist die gr\u00f6\u00dfte Veranstaltung zur Taktischen Medizin au\u00dferhalb der USA. Am 5.\/6. Juli 23 erwarten die Veranstalter mehr als 1.200 Teilnehmer aus \u00fcber 30 L\u00e4ndern zu einem internationalen Austausch in Blaubeuren bei Ulm. Aktuell sind noch Anmeldungen zum umfangreichen wissenschaftlichen Programm und den interessanten\u2026","rel":"","context":"In &quot;allgemein&quot;","block_context":{"text":"allgemein","link":"http:\/\/news-papers.eu\/?cat=2"},"img":{"alt_text":"","src":"https:\/\/i0.wp.com\/news-papers.eu\/wp-content\/uploads\/2023\/06\/CMC-2023.png?fit=1189%2C1200&resize=350%2C200","width":350,"height":200,"srcset":"https:\/\/i0.wp.com\/news-papers.eu\/wp-content\/uploads\/2023\/06\/CMC-2023.png?fit=1189%2C1200&resize=350%2C200 1x, https:\/\/i0.wp.com\/news-papers.eu\/wp-content\/uploads\/2023\/06\/CMC-2023.png?fit=1189%2C1200&resize=525%2C300 1.5x, https:\/\/i0.wp.com\/news-papers.eu\/wp-content\/uploads\/2023\/06\/CMC-2023.png?fit=1189%2C1200&resize=700%2C400 2x, https:\/\/i0.wp.com\/news-papers.eu\/wp-content\/uploads\/2023\/06\/CMC-2023.png?fit=1189%2C1200&resize=1050%2C600 3x"},"classes":[]},{"id":19507,"url":"http:\/\/news-papers.eu\/?p=19507","url_meta":{"origin":10696,"position":4},"title":"Combat Medical Care Conference im Juli","author":"Bj\u00f6rn Hossfeld","date":"April 15, 2025","format":false,"excerpt":"Unter dem Motto \"All for one\" findet am 2. und 3. Juli 2025 wieder die\u00a0 Combat Medical Care (CMC) Conference in Blaubeuren bei Ulm statt. \u00a0 Das Organisationsteam aus dem Dept. f\u00fcr An\u00e4sthesiologie, Intensivmedizin, Notfallmedizin u. Schmerzmedizin des Ulmer Bundeswehrkrankenhauses erwartet auch in diesem Jahr mehr als\u00a0 1.300 internationale Teilnehmer\u2026","rel":"","context":"In &quot;Taktische Medizin&quot;","block_context":{"text":"Taktische Medizin","link":"http:\/\/news-papers.eu\/?cat=25"},"img":{"alt_text":"","src":"https:\/\/i0.wp.com\/news-papers.eu\/wp-content\/uploads\/2025\/04\/CMC-2025.png?fit=837%2C1200&resize=350%2C200","width":350,"height":200,"srcset":"https:\/\/i0.wp.com\/news-papers.eu\/wp-content\/uploads\/2025\/04\/CMC-2025.png?fit=837%2C1200&resize=350%2C200 1x, https:\/\/i0.wp.com\/news-papers.eu\/wp-content\/uploads\/2025\/04\/CMC-2025.png?fit=837%2C1200&resize=525%2C300 1.5x, https:\/\/i0.wp.com\/news-papers.eu\/wp-content\/uploads\/2025\/04\/CMC-2025.png?fit=837%2C1200&resize=700%2C400 2x"},"classes":[]},{"id":19643,"url":"http:\/\/news-papers.eu\/?p=19643","url_meta":{"origin":10696,"position":5},"title":"9. Symposium \u201eTaktische Lagen im Rettungsdienst\u201c","author":"Bj\u00f6rn Hossfeld","date":"Mai 23, 2025","format":false,"excerpt":"\u00a0Am 26. Juni 2025 findet in der Messe Dortmund das 9. Symposium \u201eTaktische Lagen im Rettungsdienst\u201c\u00a0 mit hochaktuellen und praxisnahen Themen statt. Freuen Sie sich auf fundierte Einblicke zu aktuellen sicherheitsrelevanten Eins\u00e4tzen und Herausforderungen im Rettungsdienst, u. a. zu: dem Terrorangriff auf Israel (7. Oktober 2023) dem Eigenschutz in Schusswaffen-\u2026","rel":"","context":"In &quot;Veranstaltungshinweis&quot;","block_context":{"text":"Veranstaltungshinweis","link":"http:\/\/news-papers.eu\/?cat=30"},"img":{"alt_text":"","src":"https:\/\/i0.wp.com\/news-papers.eu\/wp-content\/uploads\/2025\/05\/Taktische-Lagen-im-Rettungsdienst-Header.png?fit=1200%2C999&resize=350%2C200","width":350,"height":200,"srcset":"https:\/\/i0.wp.com\/news-papers.eu\/wp-content\/uploads\/2025\/05\/Taktische-Lagen-im-Rettungsdienst-Header.png?fit=1200%2C999&resize=350%2C200 1x, https:\/\/i0.wp.com\/news-papers.eu\/wp-content\/uploads\/2025\/05\/Taktische-Lagen-im-Rettungsdienst-Header.png?fit=1200%2C999&resize=525%2C300 1.5x, https:\/\/i0.wp.com\/news-papers.eu\/wp-content\/uploads\/2025\/05\/Taktische-Lagen-im-Rettungsdienst-Header.png?fit=1200%2C999&resize=700%2C400 2x, https:\/\/i0.wp.com\/news-papers.eu\/wp-content\/uploads\/2025\/05\/Taktische-Lagen-im-Rettungsdienst-Header.png?fit=1200%2C999&resize=1050%2C600 3x"},"classes":[]}],"jetpack_likes_enabled":true,"_links":{"self":[{"href":"http:\/\/news-papers.eu\/index.php?rest_route=\/wp\/v2\/posts\/10696","targetHints":{"allow":["GET"]}}],"collection":[{"href":"http:\/\/news-papers.eu\/index.php?rest_route=\/wp\/v2\/posts"}],"about":[{"href":"http:\/\/news-papers.eu\/index.php?rest_route=\/wp\/v2\/types\/post"}],"author":[{"embeddable":true,"href":"http:\/\/news-papers.eu\/index.php?rest_route=\/wp\/v2\/users\/1"}],"replies":[{"embeddable":true,"href":"http:\/\/news-papers.eu\/index.php?rest_route=%2Fwp%2Fv2%2Fcomments&post=10696"}],"version-history":[{"count":4,"href":"http:\/\/news-papers.eu\/index.php?rest_route=\/wp\/v2\/posts\/10696\/revisions"}],"predecessor-version":[{"id":10702,"href":"http:\/\/news-papers.eu\/index.php?rest_route=\/wp\/v2\/posts\/10696\/revisions\/10702"}],"wp:featuredmedia":[{"embeddable":true,"href":"http:\/\/news-papers.eu\/index.php?rest_route=\/wp\/v2\/media\/401"}],"wp:attachment":[{"href":"http:\/\/news-papers.eu\/index.php?rest_route=%2Fwp%2Fv2%2Fmedia&parent=10696"}],"wp:term":[{"taxonomy":"category","embeddable":true,"href":"http:\/\/news-papers.eu\/index.php?rest_route=%2Fwp%2Fv2%2Fcategories&post=10696"},{"taxonomy":"post_tag","embeddable":true,"href":"http:\/\/news-papers.eu\/index.php?rest_route=%2Fwp%2Fv2%2Ftags&post=10696"}],"curies":[{"name":"wp","href":"https:\/\/api.w.org\/{rel}","templated":true}]}}